{"id":102,"date":"2018-01-06T19:32:18","date_gmt":"2018-01-06T19:32:18","guid":{"rendered":"http:\/\/catalinx.ro\/mars\/?p=102"},"modified":"2020-03-28T11:24:00","modified_gmt":"2020-03-28T11:24:00","slug":"hydra-sora-mai-mica-a-insulei-santorini","status":"publish","type":"post","link":"https:\/\/imars.ro\/?p=102","title":{"rendered":"Hydra, sora mai mic\u0103 a insulei Santorini"},"content":{"rendered":"<figure id=\"attachment_103\" aria-describedby=\"caption-attachment-103\" style=\"width: 1024px\" class=\"wp-caption aligncenter\"><img loading=\"lazy\" decoding=\"async\" class=\"wp-image-103 size-large\" src=\"http:\/\/imars.ro\/wp-content\/uploads\/2018\/01\/MAR_8012-1024x683.jpg\" alt=\"Hydra view | port | amazing Hydra view\" width=\"1024\" height=\"683\" \/><figcaption id=\"caption-attachment-103\" class=\"wp-caption-text\"><strong><em>\u00a0 \u00a0 \u00a0 \u00a0 \u00a0 \u00a0 \u00a0 \u00a0 \u00a0 \u00a0 \u00a0 \u00a0 \u00a0 Insula Hydra, vedere din port\u00a0\u00a0<\/em><\/strong><\/figcaption><\/figure>\n<p>O vorb\u0103 veche spune c\u0103 toate drumurile duc la Roma, se pare c\u0103 nu \u0219i de data asta. Am c\u0103utat s\u0103 v\u0103d o insul\u0103-dou\u0103 \u00een drumul meu spre Atena \u0219i am aterizat \u00een Hydra. Vorba vine \u201cam aterizat\u201d, c\u0103 nu exist\u0103 aeroport, am venit cam ca Iisus pe ap\u0103. Pe perioada iernii nu sunt foarte multe curse spre Hydra din Atena. Mai exact dou\u0103 dus \u0219i una \u00eentors, except\u00e2nd cursele private cu barca sau elicopterul, dar astea sunt \u00een alt\u0103 categorie.<\/p>\n<p>Insula se aseam\u0103n\u0103 destul de mult cu Santorini, doar c\u0103 e mai pu\u021bin populat\u0103 \u0219i luxul mai spre tradi\u021bional, de\u0219i exist\u0103 camere moderne \u00een locuin\u021be vechi, mai salc\u00e2m cu piscinele. Din c\u00e2te am v\u0103zut exist\u0103 doar un hotel cu piscin\u0103 \u0219i este mai tot timpul rezervat. \u00cen perioada iernii este exact insula aceea care nu te polueaz\u0103 fonic sau vizual, f\u0103r\u0103 trafic, f\u0103r\u0103 noxe, cu un sunet regulat de clopot din jum\u0103tate \u00een jum\u0103tate de or\u0103, un u\u0219or miros de baleg\u0103 pe unele str\u0103du\u021be de la m\u0103garii folosi\u021bi pentru transport \u0219i superbele case albe, amplasate ca un amfiteatru grecesc, \u00een jurul micului port. Pe la amiaz\u0103 mai vezi \u00een port c\u00e2te un grup de turi\u0219ti veni\u021bi pentru cel mult o or\u0103 cu vasul de croazier\u0103, aleg\u00e2nd s\u0103 fac\u0103 un tur de insule \u00een aproximativ o zi lumin\u0103. Din m\u00e2na de turi\u0219ti pe care am \u00eent\u00e2lnit-o pe insul\u0103, nu am remarcat rom\u00e2ni, cel mai probabil din cauz\u0103 c\u0103, autovehiculele sunt interzise \u0219i dac\u0103 nu ar fi, str\u0103zile sunt ne\u00eenc\u0103p\u0103toare pentru ele, rom\u00e2nul n\u0103sc\u00e2ndu-se cu fundu-n ma\u0219in\u0103.<\/p>\n<figure id=\"attachment_105\" aria-describedby=\"caption-attachment-105\" style=\"width: 200px\" class=\"wp-caption alignleft\"><img loading=\"lazy\" decoding=\"async\" class=\"wp-image-105 size-medium\" src=\"http:\/\/imars.ro\/wp-content\/uploads\/2018\/01\/MAR_7889-200x300.jpg\" alt=\"Streets on Hydra | White street\" width=\"200\" height=\"300\" srcset=\"https:\/\/imars.ro\/wp-content\/uploads\/2018\/01\/MAR_7889-200x300.jpg 200w, https:\/\/imars.ro\/wp-content\/uploads\/2018\/01\/MAR_7889-683x1024.jpg 683w, https:\/\/imars.ro\/wp-content\/uploads\/2018\/01\/MAR_7889-140x210.jpg 140w\" sizes=\"auto, (max-width: 200px) 100vw, 200px\" \/><figcaption id=\"caption-attachment-105\" class=\"wp-caption-text\"><em>Strad\u0103 \u00een Hydra<\/em><\/figcaption><\/figure>\n<p>Str\u0103du\u021bele nu sunt pentru oricine, nici pentru mine se pare, am f\u0103cut o febr\u0103 de la urcat \u0219i cobor\u00e2t, mai ceva ca dup\u0103 dou\u0103 ore de sal\u0103, dar priveli\u0219tea \u0219i lini\u0219tea au compensat.<\/p>\n<p>Cazarea este la fel de scump\u0103 ca \u00een insulele de top din Grecia \u0219i este de preferat c\u00e2t mai aproape de port, dac\u0103 nu vrei s\u0103 chinui un m\u0103gar s\u0103 te urce cu bagajele pe str\u0103zile pavate cu piatra cubic\u0103 sau mai r\u0103u, s\u0103 le cari tu p\u00e2n\u0103 \u00ee\u021bi tremur\u0103 picioarele.<\/p>\n<figure id=\"attachment_106\" aria-describedby=\"caption-attachment-106\" style=\"width: 200px\" class=\"wp-caption alignright\"><img loading=\"lazy\" decoding=\"async\" class=\"wp-image-106 size-medium\" src=\"http:\/\/imars.ro\/wp-content\/uploads\/2018\/01\/MAR_7923-200x300.jpg\" alt=\"donkey carrying merchandise on Hydra | Greece\" width=\"200\" height=\"300\" srcset=\"https:\/\/imars.ro\/wp-content\/uploads\/2018\/01\/MAR_7923-200x300.jpg 200w, https:\/\/imars.ro\/wp-content\/uploads\/2018\/01\/MAR_7923-683x1024.jpg 683w, https:\/\/imars.ro\/wp-content\/uploads\/2018\/01\/MAR_7923-140x210.jpg 140w\" sizes=\"auto, (max-width: 200px) 100vw, 200px\" \/><figcaption id=\"caption-attachment-106\" class=\"wp-caption-text\"><em>S\u0103racii asini c\u0103r\u00e2nd marf\u0103<\/em><\/figcaption><\/figure>\n<p>Am ales un <a href=\"http:\/\/www.hydraicons.gr\/home\/en\">hotel<\/a> la 5 minute de port, cu o teras\u0103 panoramic\u0103 de unde se putea observa \u00eentreaga suflare concentrat\u0103 \u00een jurul portului. Fiind prima dat\u0103 c\u00e2nd am c\u0103lcat pe piatra lor purt\u0103toare de r\u0103zboaie, am fost pu\u021bin sceptic, dar calit\u0103\u021bile grecilor de comercian\u021bi reusesc s\u0103 \u00eencline balan\u021ba \u00een partea pozitiv\u0103. Rezervasem o camer\u0103 dubl\u0103 superioar\u0103, dar \u00een schimb am primit un mic upgrade la acela\u0219i pre\u021b, camera executiv\u0103 denumit\u0103 Leonard Cohen, dup\u0103 numele personalit\u0103\u021bii care a f\u0103cut insula cunoscut\u0103\u00a0 dup\u0103 ce \u0219i-a achizi\u021bionat o cas\u0103 \u00een anii \u201860. Toate camerele \u00een hotelul Hydra Icons sunt denumite dup\u0103 o personalitate international\u0103 care a avut leg\u0103tur\u0103 cu zona. Priveli\u0219tea\u00a0panoramic\u0103 de 360 de grade de pe teras\u0103 este \u00eenc\u00e2nt\u0103toare, am r\u0103mas neclintit pentru c\u00e2teva momente, \u00een timp ce soarele \u00eemi lumina z\u00e2mbetul t\u00e2mp.<\/p>\n<figure id=\"attachment_112\" aria-describedby=\"caption-attachment-112\" style=\"width: 1024px\" class=\"wp-caption aligncenter\"><img loading=\"lazy\" decoding=\"async\" class=\"wp-image-112 size-large\" src=\"http:\/\/imars.ro\/wp-content\/uploads\/2018\/01\/MAR_8210-1024x683.jpg\" alt=\"Amazing view from terrace  on Hydra Greece\" width=\"1024\" height=\"683\" srcset=\"https:\/\/imars.ro\/wp-content\/uploads\/2018\/01\/MAR_8210-1024x683.jpg 1024w, https:\/\/imars.ro\/wp-content\/uploads\/2018\/01\/MAR_8210-300x200.jpg 300w, https:\/\/imars.ro\/wp-content\/uploads\/2018\/01\/MAR_8210-210x140.jpg 210w\" sizes=\"auto, (max-width: 1024px) 100vw, 1024px\" \/><figcaption id=\"caption-attachment-112\" class=\"wp-caption-text\"><em>Vedere de pe terasa hotelului<\/em><\/figcaption><\/figure>\n<figure id=\"attachment_115\" aria-describedby=\"caption-attachment-115\" style=\"width: 1024px\" class=\"wp-caption aligncenter\"><img loading=\"lazy\" decoding=\"async\" class=\"wp-image-115 size-large\" src=\"http:\/\/imars.ro\/wp-content\/uploads\/2018\/01\/MAR_8213-1024x683.jpg\" alt=\"View over Hydra on Greece island \" width=\"1024\" height=\"683\" srcset=\"https:\/\/imars.ro\/wp-content\/uploads\/2018\/01\/MAR_8213-1024x683.jpg 1024w, https:\/\/imars.ro\/wp-content\/uploads\/2018\/01\/MAR_8213-300x200.jpg 300w, https:\/\/imars.ro\/wp-content\/uploads\/2018\/01\/MAR_8213-210x140.jpg 210w\" sizes=\"auto, (max-width: 1024px) 100vw, 1024px\" \/><figcaption id=\"caption-attachment-115\" class=\"wp-caption-text\"><em>Vedere de pe terasa hotelului<\/em><\/figcaption><\/figure>\n<figure id=\"attachment_117\" aria-describedby=\"caption-attachment-117\" style=\"width: 683px\" class=\"wp-caption aligncenter\"><img loading=\"lazy\" decoding=\"async\" class=\"wp-image-117 size-large\" src=\"http:\/\/imars.ro\/wp-content\/uploads\/2018\/01\/MAR_8136-683x1024.jpg\" alt=\"amazing room on Hydra Greece island \" width=\"683\" height=\"1024\" srcset=\"https:\/\/imars.ro\/wp-content\/uploads\/2018\/01\/MAR_8136-683x1024.jpg 683w, https:\/\/imars.ro\/wp-content\/uploads\/2018\/01\/MAR_8136-200x300.jpg 200w, https:\/\/imars.ro\/wp-content\/uploads\/2018\/01\/MAR_8136-140x210.jpg 140w\" sizes=\"auto, (max-width: 683px) 100vw, 683px\" \/><figcaption id=\"caption-attachment-117\" class=\"wp-caption-text\"><em>Camera executiv\u0103<\/em><\/figcaption><\/figure>\n<p>Nu sunt multe obiective turistice, c\u00e2teva m\u0103n\u0103stiri, de\u0219i au peste 300 de bisericu\u021be \u0219i vreo dou\u0103 muzee, pe care le po\u021bi vedea \u00eentr-o jum\u0103tate de zi. Un tur p\u00e2n\u0103 la m\u0103n\u0103stirea Saint Konstantinos de unde se \u0219i poate vedea aglomera\u021bia de case albe cu acoperi\u0219uri ro\u0219ii, \u00ee\u021bi m\u0103n\u00e2nc\u0103 sufletul, sunt aproximativ 1,5 km de urcat.<\/p>\n<figure id=\"attachment_118\" aria-describedby=\"caption-attachment-118\" style=\"width: 1024px\" class=\"wp-caption aligncenter\"><img loading=\"lazy\" decoding=\"async\" class=\"wp-image-118 size-large\" src=\"http:\/\/imars.ro\/wp-content\/uploads\/2018\/01\/MAR_8094-1024x683.jpg\" alt=\"Saint Konstantinos on Greece islands \" width=\"1024\" height=\"683\" srcset=\"https:\/\/imars.ro\/wp-content\/uploads\/2018\/01\/MAR_8094-1024x683.jpg 1024w, https:\/\/imars.ro\/wp-content\/uploads\/2018\/01\/MAR_8094-300x200.jpg 300w, https:\/\/imars.ro\/wp-content\/uploads\/2018\/01\/MAR_8094-210x140.jpg 210w\" sizes=\"auto, (max-width: 1024px) 100vw, 1024px\" \/><figcaption id=\"caption-attachment-118\" class=\"wp-caption-text\"><em>Panoram\u0103 de la m\u0103n\u0103stirea Saint Konstantinos<\/em><\/figcaption><\/figure>\n<p>M\u00e2ncarea nu este foarte diversificat\u0103 pe perioada iernii \u0219i de dou\u0103 ori mai scump\u0103 ca \u00een Atena. Majoritatea localurilor sunt \u00eenchise sau au program scurt de func\u021bionare. Vara, lucrurile sunt mai roz, ai de unde alege, dar stau cam prost cu plajele. Au c\u00e2teva nesemnificative unde \u00ee\u021bi po\u021bi uda slipul, dar nimic memorabil \u00een compara\u021bie cu cele din Santorini.<\/p>\n<figure id=\"attachment_119\" aria-describedby=\"caption-attachment-119\" style=\"width: 1024px\" class=\"wp-caption aligncenter\"><img loading=\"lazy\" decoding=\"async\" class=\"wp-image-119 size-large\" src=\"http:\/\/imars.ro\/wp-content\/uploads\/2018\/01\/MAR_8171-1024x683.jpg\" alt=\"beaches on Hydra Greece \" width=\"1024\" height=\"683\" srcset=\"https:\/\/imars.ro\/wp-content\/uploads\/2018\/01\/MAR_8171-1024x683.jpg 1024w, https:\/\/imars.ro\/wp-content\/uploads\/2018\/01\/MAR_8171-300x200.jpg 300w, https:\/\/imars.ro\/wp-content\/uploads\/2018\/01\/MAR_8171-210x140.jpg 210w\" sizes=\"auto, (max-width: 1024px) 100vw, 1024px\" \/><figcaption id=\"caption-attachment-119\" class=\"wp-caption-text\"><em>Plaja Kamini<\/em><\/figcaption><\/figure>\n<p>Dac\u0103 te bate g\u00e2ndul s\u0103 vezi \u0219i casa lui Leonard Cohen, s\u0103 nu te astep\u021bi la ceva impresionant, o simpl\u0103 cas\u0103 cu teras\u0103 \u00een v\u00e2rf de deal cu obloanele trase.\u00a0 Este posibil ca \u00een viitor s\u0103 o transforme \u00een muzeu.<\/p>\n<p>Am intrat intr-un magazin cu suveniruri \u0219i din discu\u021bia dintre v\u00e2nz\u0103tor \u0219i un grup de asiatici am \u00een\u021beles c\u0103 omul era dispus s\u0103 livreze produsele \u00een siguran\u021b\u0103 p\u00e2n\u0103 \u00een Hong Kong dac\u0103 era necesar, ceea ce mi se pare interesant, dac\u0103 este s\u0103 compar\u0103m cu ce avem noi local, dar mai bine, nu.<\/p>\n<p>Ospitalitatea lor e deja cunoscut\u0103, ei \u00ee\u021bi d\u0103ruiesc destul de des c\u00e2te un pahar de \u021buic\u0103 sau prajitur\u0103, nu te taxeaz\u0103 \u00een plus ca italienii.<\/p>\n<p>C\u00e2t despre istorie, se \u0219tie c\u0103 Hydra a ajutat la c\u00e2\u0219tigarea r\u0103zboiului grec de independen\u021b\u0103, dar ce e interesant (pentru mine) e mesajul de pe steagul Hydrei &#8220;\u0397 \u03a4\u0391\u039d \u0397 \u0395\u03a0\u0399 \u03a4\u0391\u03a3 1821&#8221; scris in dorian\u0103, un vechi dialect din vechea Spart\u0103, care se traduce \u201cSub scut sau pe scut -1821\u201d. Se pare c\u0103 ar fi \u00eendemnul unei mame c\u0103tre fiul ei, d\u00e2ndu-i scutul \u00een m\u00e2n\u0103 \u0219i spun\u00e2ndu-i s\u0103-l aduc\u0103 \u00eenapoi mort sau viu. Pentru vechii lupt\u0103tori greci \u0219i rudele acestora era o ru\u0219ine s\u0103 piard\u0103 scutul \u00een lupt\u0103, de aceea cei care mureau erau adu\u0219i acas\u0103 pe propriul scut.<\/p>\n<figure id=\"attachment_120\" aria-describedby=\"caption-attachment-120\" style=\"width: 1024px\" class=\"wp-caption aligncenter\"><img loading=\"lazy\" decoding=\"async\" class=\"wp-image-120 size-large\" src=\"http:\/\/imars.ro\/wp-content\/uploads\/2018\/01\/MAR_8063-1024x683.jpg\" alt=\"best port reflection\" width=\"1024\" height=\"683\" srcset=\"https:\/\/imars.ro\/wp-content\/uploads\/2018\/01\/MAR_8063-1024x683.jpg 1024w, https:\/\/imars.ro\/wp-content\/uploads\/2018\/01\/MAR_8063-300x200.jpg 300w, https:\/\/imars.ro\/wp-content\/uploads\/2018\/01\/MAR_8063-210x140.jpg 210w\" sizes=\"auto, (max-width: 1024px) 100vw, 1024px\" \/><figcaption id=\"caption-attachment-120\" class=\"wp-caption-text\"><em>Reflexia portului \u00een vitrin\u0103<\/em><\/figcaption><\/figure>\n<figure id=\"attachment_121\" aria-describedby=\"caption-attachment-121\" style=\"width: 1024px\" class=\"wp-caption aligncenter\"><img loading=\"lazy\" decoding=\"async\" class=\"wp-image-121 size-large\" src=\"http:\/\/imars.ro\/wp-content\/uploads\/2018\/01\/MAR_8218-1024x683.jpg\" alt=\"Hydra port wallpaper on Greek Island \" width=\"1024\" height=\"683\" srcset=\"https:\/\/imars.ro\/wp-content\/uploads\/2018\/01\/MAR_8218-1024x683.jpg 1024w, https:\/\/imars.ro\/wp-content\/uploads\/2018\/01\/MAR_8218-300x200.jpg 300w, https:\/\/imars.ro\/wp-content\/uploads\/2018\/01\/MAR_8218-210x140.jpg 210w\" sizes=\"auto, (max-width: 1024px) 100vw, 1024px\" \/><figcaption id=\"caption-attachment-121\" class=\"wp-caption-text\"><em>Port Hydra<\/em><\/figcaption><\/figure>\n<figure id=\"attachment_124\" aria-describedby=\"caption-attachment-124\" style=\"width: 683px\" class=\"wp-caption aligncenter\"><img loading=\"lazy\" decoding=\"async\" class=\"wp-image-124 size-large\" src=\"http:\/\/imars.ro\/wp-content\/uploads\/2018\/01\/MAR_8008-683x1024.jpg\" alt=\"Street on Greek Island like Santorini but it's Hydra\" width=\"683\" height=\"1024\" srcset=\"https:\/\/imars.ro\/wp-content\/uploads\/2018\/01\/MAR_8008-683x1024.jpg 683w, https:\/\/imars.ro\/wp-content\/uploads\/2018\/01\/MAR_8008-200x300.jpg 200w, https:\/\/imars.ro\/wp-content\/uploads\/2018\/01\/MAR_8008-140x210.jpg 140w\" sizes=\"auto, (max-width: 683px) 100vw, 683px\" \/><figcaption id=\"caption-attachment-124\" class=\"wp-caption-text\"><em>Strad\u0103 ca \u00een Santorini<\/em><\/figcaption><\/figure>\n<figure id=\"attachment_123\" aria-describedby=\"caption-attachment-123\" style=\"width: 683px\" class=\"wp-caption aligncenter\"><img loading=\"lazy\" decoding=\"async\" class=\"wp-image-123 size-large\" src=\"http:\/\/imars.ro\/wp-content\/uploads\/2018\/01\/MAR_7936-683x1024.jpg\" alt=\"Museum in Hydra\" width=\"683\" height=\"1024\" srcset=\"https:\/\/imars.ro\/wp-content\/uploads\/2018\/01\/MAR_7936-683x1024.jpg 683w, https:\/\/imars.ro\/wp-content\/uploads\/2018\/01\/MAR_7936-200x300.jpg 200w, https:\/\/imars.ro\/wp-content\/uploads\/2018\/01\/MAR_7936-140x210.jpg 140w\" sizes=\"auto, (max-width: 683px) 100vw, 683px\" \/><figcaption id=\"caption-attachment-123\" class=\"wp-caption-text\"><em>Muzeul ecleziast \u0219i bizantin<\/em><\/figcaption><\/figure>\n<figure id=\"attachment_122\" aria-describedby=\"caption-attachment-122\" style=\"width: 683px\" class=\"wp-caption aligncenter\"><img loading=\"lazy\" decoding=\"async\" class=\"wp-image-122 size-large\" src=\"http:\/\/imars.ro\/wp-content\/uploads\/2018\/01\/MAR_7904-683x1024.jpg\" alt=\"Splendid day in Hydra port of Greek Island\" width=\"683\" height=\"1024\" srcset=\"https:\/\/imars.ro\/wp-content\/uploads\/2018\/01\/MAR_7904-683x1024.jpg 683w, https:\/\/imars.ro\/wp-content\/uploads\/2018\/01\/MAR_7904-200x300.jpg 200w, https:\/\/imars.ro\/wp-content\/uploads\/2018\/01\/MAR_7904-140x210.jpg 140w\" sizes=\"auto, (max-width: 683px) 100vw, 683px\" \/><figcaption id=\"caption-attachment-122\" class=\"wp-caption-text\"><em>Port Hydra<\/em><\/figcaption><\/figure>\n","protected":false},"excerpt":{"rendered":"<p>O vorb\u0103 veche spune c\u0103 toate drumurile duc la Roma, se pare c\u0103 nu \u0219i de data asta. Am c\u0103utat s\u0103 v\u0103d o insul\u0103-dou\u0103 \u00een drumul meu spre Atena \u0219i am aterizat \u00een Hydra. Vorba vine \u201cam aterizat\u201d, c\u0103 nu exist\u0103 aeroport, am venit cam ca Iisus pe ap\u0103. Pe &hellip;<\/p>\n","protected":false},"author":1,"featured_media":103,"comment_status":"open","ping_status":"open","sticky":false,"template":"","format":"standard","meta":{"footnotes":""},"categories":[6],"tags":[30,31,29,32,28],"class_list":["post-102","post","type-post","status-publish","format-standard","has-post-thumbnail","hentry","category-travel","tag-ce-sa-vezi-in-hydra-greece","tag-ghid-hydra","tag-greece","tag-hidra","tag-hydra"],"_links":{"self":[{"href":"https:\/\/imars.ro\/index.php?rest_route=\/wp\/v2\/posts\/102","targetHints":{"allow":["GET"]}}],"collection":[{"href":"https:\/\/imars.ro\/index.php?rest_route=\/wp\/v2\/posts"}],"about":[{"href":"https:\/\/imars.ro\/index.php?rest_route=\/wp\/v2\/types\/post"}],"author":[{"embeddable":true,"href":"https:\/\/imars.ro\/index.php?rest_route=\/wp\/v2\/users\/1"}],"replies":[{"embeddable":true,"href":"https:\/\/imars.ro\/index.php?rest_route=%2Fwp%2Fv2%2Fcomments&post=102"}],"version-history":[{"count":20,"href":"https:\/\/imars.ro\/index.php?rest_route=\/wp\/v2\/posts\/102\/revisions"}],"predecessor-version":[{"id":715,"href":"https:\/\/imars.ro\/index.php?rest_route=\/wp\/v2\/posts\/102\/revisions\/715"}],"wp:featuredmedia":[{"embeddable":true,"href":"https:\/\/imars.ro\/index.php?rest_route=\/wp\/v2\/media\/103"}],"wp:attachment":[{"href":"https:\/\/imars.ro\/index.php?rest_route=%2Fwp%2Fv2%2Fmedia&parent=102"}],"wp:term":[{"taxonomy":"category","embeddable":true,"href":"https:\/\/imars.ro\/index.php?rest_route=%2Fwp%2Fv2%2Fcategories&post=102"},{"taxonomy":"post_tag","embeddable":true,"href":"https:\/\/imars.ro\/index.php?rest_route=%2Fwp%2Fv2%2Ftags&post=102"}],"curies":[{"name":"wp","href":"https:\/\/api.w.org\/{rel}","templated":true}]}}