{"id":142,"date":"2018-05-27T10:27:20","date_gmt":"2018-05-27T10:27:20","guid":{"rendered":"http:\/\/imars.ro\/?p=142"},"modified":"2019-08-29T17:58:03","modified_gmt":"2019-08-29T17:58:03","slug":"strasbourg-mingea-de-ping-pong-a-frantei","status":"publish","type":"post","link":"https:\/\/imars.ro\/?p=142","title":{"rendered":"Strasbourg-mingea de ping-pong a Fran\u021bei"},"content":{"rendered":"<figure id=\"attachment_158\" aria-describedby=\"caption-attachment-158\" style=\"width: 683px\" class=\"wp-caption aligncenter\"><img loading=\"lazy\" decoding=\"async\" class=\"wp-image-158 size-large\" title=\"Strasbourg\" src=\"http:\/\/imars.ro\/wp-content\/uploads\/2018\/05\/8BE921EB-D2AF-4BD0-B15B-5CE547D9EBCA-1-683x1024.jpg\" alt=\"Wallpaper on Strasbourg France\" width=\"683\" height=\"1024\"><figcaption id=\"caption-attachment-158\" class=\"wp-caption-text\"><em><strong>Strasbourg<\/strong><\/em><\/figcaption><\/figure>\n<p>Mi-am \u00eenceput c\u0103l\u0103toria prin Alsacia , de la nord la sud, \u00eencep\u00e2nd cu capitala ei. Nefiind loca\u021bia principal\u0103 \u00een Alsacia pe care voiam s\u0103 o vizitez, chiar dac\u0103 este capitala ei, am plecat cu a\u0219tept\u0103ri modeste, a\u0219a c\u0103 nu am fost dezam\u0103git.<br \/>\nPrincipala atrac\u021bie a ora\u0219ul este cartierul \u201cPetite France\u201d pozi\u021bionat \u00een zona de vest a Insulei Mare, care face parte din patrimoniul UNESCO \u00eenc\u0103 din 1988, \u00eenconjurat\u0103 de r\u00e2ul Ill(afluent al Rinului) \u0219i canalul Faux-Rempart, \u00eei dau un aer excentric, u\u0219or protectoare \u00een acela\u0219i timp, consolidat\u0103 de impun\u0103torul baraj Vauban, iar reflexia pe luciul apei a caselor medievale, construite pe jum\u0103tate din lemn, p\u0103streaz\u0103 vie istoria \u0219i te poart\u0103 ca o ma\u0219in\u0103 a timpului \u00een trecutul nezbuciumat al Fran\u021bei.<\/p>\n<figure id=\"attachment_159\" aria-describedby=\"caption-attachment-159\" style=\"width: 1024px\" class=\"wp-caption aligncenter\"><img loading=\"lazy\" decoding=\"async\" class=\"wp-image-159 size-large\" src=\"http:\/\/imars.ro\/wp-content\/uploads\/2018\/05\/DC14EF71-482E-4447-9A3E-A4E1776B50B6-1024x683.jpg\" alt=\"Barajul Vauban on France Strasbourg amazing view during evening \" width=\"1024\" height=\"683\" srcset=\"https:\/\/imars.ro\/wp-content\/uploads\/2018\/05\/DC14EF71-482E-4447-9A3E-A4E1776B50B6-1024x683.jpg 1024w, https:\/\/imars.ro\/wp-content\/uploads\/2018\/05\/DC14EF71-482E-4447-9A3E-A4E1776B50B6-300x200.jpg 300w, https:\/\/imars.ro\/wp-content\/uploads\/2018\/05\/DC14EF71-482E-4447-9A3E-A4E1776B50B6-768x512.jpg 768w, https:\/\/imars.ro\/wp-content\/uploads\/2018\/05\/DC14EF71-482E-4447-9A3E-A4E1776B50B6-210x140.jpg 210w, https:\/\/imars.ro\/wp-content\/uploads\/2018\/05\/DC14EF71-482E-4447-9A3E-A4E1776B50B6.jpg 1858w\" sizes=\"auto, (max-width: 1024px) 100vw, 1024px\" \/><figcaption id=\"caption-attachment-159\" class=\"wp-caption-text\"><em><strong>&nbsp;Barajul Vauban<\/strong><\/em><\/figcaption><\/figure>\n<p>Protectorul insulei se z\u0103re\u0219te de la sute de metri, st\u0103 falnic din 1277 \u0219i \u00ee\u0219i spune povestea oricui este interesat s\u0103 o aud\u0103. \u00cen interiorul lui ad\u0103poste\u0219te o inim\u0103 mecanic\u0103, pentru cei str\u0103buni, asemeni unui glob magic, care afi\u0219eaz\u0103 pozi\u021bia real\u0103 a soarelui, a lunii \u0219i a eclipselor. Ceasul astronomic este un fel de bijuterie a coroanei pentru Catedrala Notre Dame din Strasbourg.Pentru cei pasiona\u021bi de sport \u0219i mai pu\u021bin de istorie, pot urca cele 332 de trepte p\u00e2n\u0103 la platforma de 66 de metrii a catedralei, de unde se poate admira tot ora\u0219ul \u0219i \u00eemprejurimile lui. Pia\u021ba catedralei este cam mic\u0103 pentru imensitatea construc\u021bie, motiv pentru care este destul de greu s\u0103 cuprinzi \u00eentreaga catedral\u0103 \u00eentr-o fotografie \u0219i s\u0103 nu ias\u0103 distorsionat\u0103. \u00cen schimb biserica Saint Paul, care se afl\u0103 foarte aproape de centru istoric, se \u00eenal\u021b\u0103 la fel de frumos deasupra canalelor, iar zona liber\u0103 din jurul ei, o contureaz\u0103 \u0219i mai bine \u00een peisaj.<br \/>\nCuriozitatea m-a \u00eempins de la spate \u0219i \u00eentr\u00e2nd \u00een biserica protestant\u0103, am fost nevoit s\u0103 asist c\u00e2teva zeci de minute la o slujb\u0103 duminical\u0103, care spre surprinderea mea a fost interesant\u0103. F\u0103r\u0103 \u021binute pompoase, f\u0103r\u0103 lum\u00e2n\u0103ri, cu o muzic\u0103 de orga care umplea spa\u021biul liber enorm din interiorul bisericii \u0219i o f\u0103cea s\u0103 r\u0103sune ca un mic concert clasic.<\/p>\n<figure id=\"attachment_160\" aria-describedby=\"caption-attachment-160\" style=\"width: 683px\" class=\"wp-caption aligncenter\"><img loading=\"lazy\" decoding=\"async\" class=\"wp-image-160 size-large\" src=\"http:\/\/imars.ro\/wp-content\/uploads\/2018\/05\/3D382739-957F-4EE0-8B84-F7358710FD4C-683x1024.jpg\" alt=\"semi arc of Cathedral Notre Dame of Strasbourg\" width=\"683\" height=\"1024\" srcset=\"https:\/\/imars.ro\/wp-content\/uploads\/2018\/05\/3D382739-957F-4EE0-8B84-F7358710FD4C-683x1024.jpg 683w, https:\/\/imars.ro\/wp-content\/uploads\/2018\/05\/3D382739-957F-4EE0-8B84-F7358710FD4C-200x300.jpg 200w, https:\/\/imars.ro\/wp-content\/uploads\/2018\/05\/3D382739-957F-4EE0-8B84-F7358710FD4C-768x1152.jpg 768w, https:\/\/imars.ro\/wp-content\/uploads\/2018\/05\/3D382739-957F-4EE0-8B84-F7358710FD4C-140x210.jpg 140w, https:\/\/imars.ro\/wp-content\/uploads\/2018\/05\/3D382739-957F-4EE0-8B84-F7358710FD4C.jpg 1667w\" sizes=\"auto, (max-width: 683px) 100vw, 683px\" \/><figcaption id=\"caption-attachment-160\" class=\"wp-caption-text\"><em><strong>Semiarc din portalul central al Catedralei&nbsp; Notre Dame din Strasbourg<\/strong>&nbsp;<\/em><\/figcaption><\/figure>\n<figure id=\"attachment_146\" aria-describedby=\"caption-attachment-146\" style=\"width: 1024px\" class=\"wp-caption aligncenter\"><img loading=\"lazy\" decoding=\"async\" class=\"wp-image-146 size-large\" src=\"http:\/\/imars.ro\/wp-content\/uploads\/2018\/05\/CA8D6C37-1901-4587-A74D-136367B96B5D-1024x683.jpg\" alt=\"best view on Cathedral of Notre Dame of Strasbourg \" width=\"1024\" height=\"683\"><figcaption id=\"caption-attachment-146\" class=\"wp-caption-text\"><strong><em>Vedere din Catedrala&nbsp; Notre Dame din Strasbourg&nbsp;<\/em><\/strong><\/figcaption><\/figure>\n<figure id=\"attachment_166\" aria-describedby=\"caption-attachment-166\" style=\"width: 870px\" class=\"wp-caption aligncenter\"><img loading=\"lazy\" decoding=\"async\" class=\"wp-image-166 size-large\" src=\"http:\/\/imars.ro\/wp-content\/uploads\/2018\/05\/resizMAR_8970-870x1024.jpg\" alt=\"Saint Paul on France\" width=\"870\" height=\"1024\"><figcaption id=\"caption-attachment-166\" class=\"wp-caption-text\"><em><strong>&nbsp;Biserica Saint Paul<\/strong><\/em><\/figcaption><\/figure>\n<p>Istoria spune c\u0103 ora\u0219ul a apar\u021binut ba de Franta, ba de Germania. Din 1944 a r\u0103mas ca parte a Fran\u021bei, de\u0219i cultura german\u0103 se poate observa cu ochiul liber la fiecare col\u021b de strad\u0103. Mai mult de at\u00e2t, p\u00e2n\u0103 \u0219i metehnele culturii rom\u00e2ne\u0219ti scriu istorie \u00een zonele turistice, unde po\u021bi observa faimo\u0219ii rom\u00e2ni c\u00e2nt\u00e2nd la acordeon sau doamnele cu fuste cer\u0219ind.O minun\u0103\u021bie! A\u0219a am \u00eenteles, de ce multe din discu\u021biile mele cu localnicii se intrerupeau brusc \u0219i i\u0219i schimbau atitudinea, dup\u0103 ce \u00eemi dezv\u0103luiam cet\u0103\u021benia. Probabil pe viitor o s\u0103 le zic ca sunt dac din Dacia 1310 . \u00cen general, pe oameni nu-i deranjeaz\u0103 informa\u021biile pe care nu le nu cunosc.<br \/>\nInteresant este c\u0103 nu e \u00een totalitate vina noastr\u0103, at\u00e2t timp c\u00e2t francezii nu \u00eei ridic\u0103 din zonele turistice \u0219i mai mult de at\u00e2t, le aduc m\u00e2ncare \u0219i b\u0103utura la botul calului, nu v\u0103d cum situa\u021bia s-ar rezolva de la sine. Am v\u0103zut asocia\u021bii care transportau ap\u0103 \u0219i sandwich-uri \u0219i le \u00eemp\u0103r\u021beau oamenilor str\u0103zii sau cer\u0219etorilor. Dac\u0103 tot vor s\u0103-i ajute, s\u0103 le fac\u0103 o cantin\u0103 la marginea ora\u0219ului \u0219i s\u0103-i atrag\u0103 \u00een zonele l\u0103turalnice, sau mai bine, s\u0103-i fac\u0103 europarlamentari, c\u0103 e tot una.<br \/>\nZona modern\u0103 este destul de linistit\u0103, \u021bin\u00e2nd cont c\u0103 o parte din institu\u021biile parlamentului european \u00ee\u0219i au sediul aici, iar transportul public este bine pus la punct \u0219i foarte util, tramvaiul te poart\u0103 lin \u00een toate zonele ora\u0219ului. Se aude Firea?Lin!!<\/p>\n<p><img loading=\"lazy\" decoding=\"async\" class=\"aligncenter wp-image-157 size-large\" src=\"http:\/\/imars.ro\/wp-content\/uploads\/2018\/05\/MAR_8968-1024x683.jpg\" alt=\"Best tram in France\" width=\"1024\" height=\"683\"><\/p>\n<figure id=\"attachment_147\" aria-describedby=\"caption-attachment-147\" style=\"width: 1024px\" class=\"wp-caption aligncenter\"><img loading=\"lazy\" decoding=\"async\" class=\"wp-image-147 size-large\" src=\"http:\/\/imars.ro\/wp-content\/uploads\/2018\/05\/DB51A413-66D1-493F-A527-84FAEAECF293-1024x683.jpg\" alt=\"most colorful car in France\" width=\"1024\" height=\"683\" srcset=\"https:\/\/imars.ro\/wp-content\/uploads\/2018\/05\/DB51A413-66D1-493F-A527-84FAEAECF293-1024x683.jpg 1024w, https:\/\/imars.ro\/wp-content\/uploads\/2018\/05\/DB51A413-66D1-493F-A527-84FAEAECF293-300x200.jpg 300w, https:\/\/imars.ro\/wp-content\/uploads\/2018\/05\/DB51A413-66D1-493F-A527-84FAEAECF293-768x512.jpg 768w, https:\/\/imars.ro\/wp-content\/uploads\/2018\/05\/DB51A413-66D1-493F-A527-84FAEAECF293-210x140.jpg 210w, https:\/\/imars.ro\/wp-content\/uploads\/2018\/05\/DB51A413-66D1-493F-A527-84FAEAECF293.jpg 1875w\" sizes=\"auto, (max-width: 1024px) 100vw, 1024px\" \/><figcaption id=\"caption-attachment-147\" class=\"wp-caption-text\"><em><strong>&nbsp;&#8220;Au \u0219i ei golanii lor&#8221;<\/strong><\/em><\/figcaption><\/figure>\n<p>Plimbarea de-a lungul canalelor \u0219erpuite este mult mai relaxant\u0103 ca \u00een Amsterdam, datorit\u0103 zonelor verzi care delimiteaz\u0103 canalele de zidurile \u00eenalte de beton. Tinerii \u201ct\u00e2mplari\u201d, profeseaz\u0103 s\u00e2rguincio\u0219i pe marginea lor, b\u0103t\u00e2nd din c\u00e2nd \u00een c\u00e2nd c\u00e2te un \u201ccui\u201d si medit\u00e2nd la nemurirea sufletului.<br \/>\nLa capitolul m\u00e2ncare, cea tradi\u021bional\u0103 mi-a l\u0103sat un gust amar sau poate aveam eu a\u0219tept\u0103ri prea mari g\u00e2ndindu-m\u0103 c\u0103 sunt \u00een Fran\u021ba. Influen\u021bele germanice \u0219i-au pus bine amprenta \u00een buc\u0103t\u0103ria alsacian\u0103. Una dintre m\u00e2nc\u0103rurile tradi\u021bionale e flammkuchen (tarte flamb\u00e9e), o pizza cu blat foarte sub\u021bire si crocant, iar pe deasupra crem\u0103 de branz\u0103 cu ceap\u0103 \u0219i topinguri dup\u0103 gust, de la bacon p\u00e2n\u0103 la alte br\u00e2nzeturi.<br \/>\nMajoritatea \u201ctartelor\u201dau fost bune, except\u00e2nd pe cea cu br\u00e2nz\u0103 Munster care era oribil\u0103 de la miros p\u00e2n\u0103 la gust. Un alt tip tradi\u021bional este platoul cu ciolan fiert \u0219i cremvur\u0219ti pe varz\u0103 acr\u0103, care nu e pe gustul oricui, nici al meu.<br \/>\n\u00cen schimb, tarta de mere flambat\u0103 cu cogniac(tarte flamb\u00e9e aux pommes), \u00een anumite restaurante procesul de flambare are loc \u00een fa\u021ba ta, este foarte aromat\u0103, datorit\u0103 combina\u021biei dintre scor\u021bisoar\u0103, mere \u0219i cogniac.<br \/>\nPartea mai pu\u021bin placut\u0103 este legat\u0103 de programul restaurantelor, majoritatea au program scurt, iar \u00een intervalul orar 16:00-19:00 rabzi de foame p\u00e2n\u0103 g\u0103se\u0219ti unul deschis, iar dac\u0103 este deschis, cel mai probabil stai la coad\u0103 sau m\u00e2ncarea nu e str\u0103lucit\u0103.<\/p>\n<figure id=\"attachment_152\" aria-describedby=\"caption-attachment-152\" style=\"width: 1024px\" class=\"wp-caption aligncenter\"><img loading=\"lazy\" decoding=\"async\" class=\"wp-image-152 size-large\" src=\"http:\/\/imars.ro\/wp-content\/uploads\/2018\/05\/IMG_6111-1024x768.jpg\" alt=\"how it looks a  Flammkuchen \" width=\"1024\" height=\"768\"><figcaption id=\"caption-attachment-152\" class=\"wp-caption-text\"><em><strong> Flammkuchen<\/strong><\/em><\/figcaption><\/figure>\n<figure id=\"attachment_151\" aria-describedby=\"caption-attachment-151\" style=\"width: 1024px\" class=\"wp-caption aligncenter\"><img loading=\"lazy\" decoding=\"async\" class=\"wp-image-151 size-large\" src=\"http:\/\/imars.ro\/wp-content\/uploads\/2018\/05\/IMG_6110-1024x768.jpg\" alt=\"how it looks a Tarte flamb\u00e9e aux pommes\" width=\"1024\" height=\"768\"><figcaption id=\"caption-attachment-151\" class=\"wp-caption-text\"><em><strong>Tarte flamb\u00e9e aux pommes<\/strong><\/em><\/figcaption><\/figure>\n<figure id=\"attachment_150\" aria-describedby=\"caption-attachment-150\" style=\"width: 1024px\" class=\"wp-caption aligncenter\"><img loading=\"lazy\" decoding=\"async\" class=\"wp-image-150 size-large\" src=\"http:\/\/imars.ro\/wp-content\/uploads\/2018\/05\/IMG_6109-1024x683.jpg\" alt=\"Walking on the streets of Strasbourg\" width=\"1024\" height=\"683\" srcset=\"https:\/\/imars.ro\/wp-content\/uploads\/2018\/05\/IMG_6109-1024x683.jpg 1024w, https:\/\/imars.ro\/wp-content\/uploads\/2018\/05\/IMG_6109-300x200.jpg 300w, https:\/\/imars.ro\/wp-content\/uploads\/2018\/05\/IMG_6109-768x512.jpg 768w, https:\/\/imars.ro\/wp-content\/uploads\/2018\/05\/IMG_6109-210x140.jpg 210w, https:\/\/imars.ro\/wp-content\/uploads\/2018\/05\/IMG_6109.jpg 1830w\" sizes=\"auto, (max-width: 1024px) 100vw, 1024px\" \/><figcaption id=\"caption-attachment-150\" class=\"wp-caption-text\"><em><strong>&nbsp;Strasbourg<\/strong><\/em><\/figcaption><\/figure>\n<figure id=\"attachment_148\" aria-describedby=\"caption-attachment-148\" style=\"width: 1024px\" class=\"wp-caption aligncenter\"><img loading=\"lazy\" decoding=\"async\" class=\"wp-image-148 size-large\" src=\"http:\/\/imars.ro\/wp-content\/uploads\/2018\/05\/IMG_6102-1024x683.jpg\" alt=\"best view on Saint-Martin\" width=\"1024\" height=\"683\"><figcaption id=\"caption-attachment-148\" class=\"wp-caption-text\"><strong><em>&nbsp;Saint-Martin<\/em><\/strong><\/figcaption><\/figure>\n<figure id=\"attachment_153\" aria-describedby=\"caption-attachment-153\" style=\"width: 1024px\" class=\"wp-caption aligncenter\"><img loading=\"lazy\" decoding=\"async\" class=\"wp-image-153 size-large\" src=\"http:\/\/imars.ro\/wp-content\/uploads\/2018\/05\/IMG_6116-1024x683.jpg\" alt=\"amazing view of Petite France\" width=\"1024\" height=\"683\" srcset=\"https:\/\/imars.ro\/wp-content\/uploads\/2018\/05\/IMG_6116-1024x683.jpg 1024w, https:\/\/imars.ro\/wp-content\/uploads\/2018\/05\/IMG_6116-300x200.jpg 300w, https:\/\/imars.ro\/wp-content\/uploads\/2018\/05\/IMG_6116-768x512.jpg 768w, https:\/\/imars.ro\/wp-content\/uploads\/2018\/05\/IMG_6116-210x140.jpg 210w, https:\/\/imars.ro\/wp-content\/uploads\/2018\/05\/IMG_6116.jpg 1875w\" sizes=\"auto, (max-width: 1024px) 100vw, 1024px\" \/><figcaption id=\"caption-attachment-153\" class=\"wp-caption-text\"><em><strong>Petite France<\/strong><\/em><\/figcaption><\/figure>\n<figure id=\"attachment_162\" aria-describedby=\"caption-attachment-162\" style=\"width: 683px\" class=\"wp-caption aligncenter\"><img loading=\"lazy\" decoding=\"async\" class=\"wp-image-162 size-large\" src=\"http:\/\/imars.ro\/wp-content\/uploads\/2018\/05\/A865E4E2-8B3F-482C-8DA2-FBDCA357FAD4-683x1024.jpg\" alt=\"reflection on Petit France river\" width=\"683\" height=\"1024\" srcset=\"https:\/\/imars.ro\/wp-content\/uploads\/2018\/05\/A865E4E2-8B3F-482C-8DA2-FBDCA357FAD4-683x1024.jpg 683w, https:\/\/imars.ro\/wp-content\/uploads\/2018\/05\/A865E4E2-8B3F-482C-8DA2-FBDCA357FAD4-200x300.jpg 200w, https:\/\/imars.ro\/wp-content\/uploads\/2018\/05\/A865E4E2-8B3F-482C-8DA2-FBDCA357FAD4-768x1152.jpg 768w, https:\/\/imars.ro\/wp-content\/uploads\/2018\/05\/A865E4E2-8B3F-482C-8DA2-FBDCA357FAD4-140x210.jpg 140w, https:\/\/imars.ro\/wp-content\/uploads\/2018\/05\/A865E4E2-8B3F-482C-8DA2-FBDCA357FAD4.jpg 1667w\" sizes=\"auto, (max-width: 683px) 100vw, 683px\" \/><figcaption id=\"caption-attachment-162\" class=\"wp-caption-text\"><em><strong>Petite France<\/strong><\/em><\/figcaption><\/figure>\n<figure id=\"attachment_164\" aria-describedby=\"caption-attachment-164\" style=\"width: 1024px\" class=\"wp-caption aligncenter\"><img loading=\"lazy\" decoding=\"async\" class=\"wp-image-164 size-large\" src=\"http:\/\/imars.ro\/wp-content\/uploads\/2018\/05\/MAR_8943-1024x683.jpg\" alt=\"eating in Strasbourg best restaurants \" width=\"1024\" height=\"683\" srcset=\"https:\/\/imars.ro\/wp-content\/uploads\/2018\/05\/MAR_8943-1024x683.jpg 1024w, https:\/\/imars.ro\/wp-content\/uploads\/2018\/05\/MAR_8943-300x200.jpg 300w, https:\/\/imars.ro\/wp-content\/uploads\/2018\/05\/MAR_8943-768x512.jpg 768w, https:\/\/imars.ro\/wp-content\/uploads\/2018\/05\/MAR_8943-210x140.jpg 210w\" sizes=\"auto, (max-width: 1024px) 100vw, 1024px\" \/><figcaption id=\"caption-attachment-164\" class=\"wp-caption-text\"><em><strong>Se st\u0103 la coad\u0103 pentru a prinde un loc la mas\u0103<\/strong><\/em><\/figcaption><\/figure>\n<p><img loading=\"lazy\" decoding=\"async\" class=\"aligncenter wp-image-163 size-large\" src=\"http:\/\/imars.ro\/wp-content\/uploads\/2018\/05\/C3E2A095-2559-41F8-A0D0-8CAA1BB1709F-683x1024.jpg\" alt=\"What to see on Strasbourg France\" width=\"683\" height=\"1024\" srcset=\"https:\/\/imars.ro\/wp-content\/uploads\/2018\/05\/C3E2A095-2559-41F8-A0D0-8CAA1BB1709F-683x1024.jpg 683w, https:\/\/imars.ro\/wp-content\/uploads\/2018\/05\/C3E2A095-2559-41F8-A0D0-8CAA1BB1709F-200x300.jpg 200w, https:\/\/imars.ro\/wp-content\/uploads\/2018\/05\/C3E2A095-2559-41F8-A0D0-8CAA1BB1709F-768x1152.jpg 768w, https:\/\/imars.ro\/wp-content\/uploads\/2018\/05\/C3E2A095-2559-41F8-A0D0-8CAA1BB1709F-140x210.jpg 140w, https:\/\/imars.ro\/wp-content\/uploads\/2018\/05\/C3E2A095-2559-41F8-A0D0-8CAA1BB1709F.jpg 1667w\" sizes=\"auto, (max-width: 683px) 100vw, 683px\" \/><\/p>\n","protected":false},"excerpt":{"rendered":"<p>Mi-am \u00eenceput c\u0103l\u0103toria prin Alsacia , de la nord la sud, \u00eencep\u00e2nd cu capitala ei. Nefiind loca\u021bia principal\u0103 \u00een Alsacia pe care voiam s\u0103 o vizitez, chiar dac\u0103 este capitala ei, am plecat cu a\u0219tept\u0103ri modeste, a\u0219a c\u0103 nu am fost dezam\u0103git. Principala atrac\u021bie a ora\u0219ul este cartierul \u201cPetite France\u201d &hellip;<\/p>\n","protected":false},"author":1,"featured_media":148,"comment_status":"open","ping_status":"open","sticky":false,"template":"","format":"standard","meta":{"footnotes":""},"categories":[6],"tags":[27,25,26],"class_list":["post-142","post","type-post","status-publish","format-standard","has-post-thumbnail","hentry","category-travel","tag-ce-sa-vezi-in-strasbourg-alsacia","tag-ghid-strasbourg","tag-guide-strasbourg"],"_links":{"self":[{"href":"https:\/\/imars.ro\/index.php?rest_route=\/wp\/v2\/posts\/142","targetHints":{"allow":["GET"]}}],"collection":[{"href":"https:\/\/imars.ro\/index.php?rest_route=\/wp\/v2\/posts"}],"about":[{"href":"https:\/\/imars.ro\/index.php?rest_route=\/wp\/v2\/types\/post"}],"author":[{"embeddable":true,"href":"https:\/\/imars.ro\/index.php?rest_route=\/wp\/v2\/users\/1"}],"replies":[{"embeddable":true,"href":"https:\/\/imars.ro\/index.php?rest_route=%2Fwp%2Fv2%2Fcomments&post=142"}],"version-history":[{"count":12,"href":"https:\/\/imars.ro\/index.php?rest_route=\/wp\/v2\/posts\/142\/revisions"}],"predecessor-version":[{"id":658,"href":"https:\/\/imars.ro\/index.php?rest_route=\/wp\/v2\/posts\/142\/revisions\/658"}],"wp:featuredmedia":[{"embeddable":true,"href":"https:\/\/imars.ro\/index.php?rest_route=\/wp\/v2\/media\/148"}],"wp:attachment":[{"href":"https:\/\/imars.ro\/index.php?rest_route=%2Fwp%2Fv2%2Fmedia&parent=142"}],"wp:term":[{"taxonomy":"category","embeddable":true,"href":"https:\/\/imars.ro\/index.php?rest_route=%2Fwp%2Fv2%2Fcategories&post=142"},{"taxonomy":"post_tag","embeddable":true,"href":"https:\/\/imars.ro\/index.php?rest_route=%2Fwp%2Fv2%2Ftags&post=142"}],"curies":[{"name":"wp","href":"https:\/\/api.w.org\/{rel}","templated":true}]}}