{"id":245,"date":"2018-09-20T14:50:37","date_gmt":"2018-09-20T14:50:37","guid":{"rendered":"http:\/\/imars.ro\/?p=245"},"modified":"2019-08-26T14:37:21","modified_gmt":"2019-08-26T14:37:21","slug":"mulhouse-si-povestea-celui-mai-scump-bugatti-din-lume","status":"publish","type":"post","link":"https:\/\/imars.ro\/?p=245","title":{"rendered":"Mulhouse \u0219i povestea celui mai scump Bugatti din lume"},"content":{"rendered":"<figure id=\"attachment_553\" aria-describedby=\"caption-attachment-553\" style=\"width: 819px\" class=\"wp-caption aligncenter\"><img loading=\"lazy\" decoding=\"async\" class=\"wp-image-553 size-large\" src=\"http:\/\/imars.ro\/wp-content\/uploads\/2018\/09\/Mulhouse_Temple-Saint_Etienne1-819x1024.jpg\" alt=\"Temple Saint-Etienne on Alsace Mulhouse France\" width=\"819\" height=\"1024\" srcset=\"https:\/\/imars.ro\/wp-content\/uploads\/2018\/09\/Mulhouse_Temple-Saint_Etienne1.jpg 819w, https:\/\/imars.ro\/wp-content\/uploads\/2018\/09\/Mulhouse_Temple-Saint_Etienne1-240x300.jpg 240w, https:\/\/imars.ro\/wp-content\/uploads\/2018\/09\/Mulhouse_Temple-Saint_Etienne1-768x960.jpg 768w, https:\/\/imars.ro\/wp-content\/uploads\/2018\/09\/Mulhouse_Temple-Saint_Etienne1-579x724.jpg 579w, https:\/\/imars.ro\/wp-content\/uploads\/2018\/09\/Mulhouse_Temple-Saint_Etienne1-615x769.jpg 615w, https:\/\/imars.ro\/wp-content\/uploads\/2018\/09\/Mulhouse_Temple-Saint_Etienne1-800x1000.jpg 800w, https:\/\/imars.ro\/wp-content\/uploads\/2018\/09\/Mulhouse_Temple-Saint_Etienne1-512x640.jpg 512w\" sizes=\"auto, (max-width: 819px) 100vw, 819px\" \/><figcaption id=\"caption-attachment-553\" class=\"wp-caption-text\"><strong>Temple Saint-Etienne<\/strong><\/figcaption><\/figure>\n<p>La aproximativ 20 de minute de mers cu trenul de <a href=\"http:\/\/imars.ro\/index.php\/2018\/07\/30\/sindromul-colmar\/\"><strong><span style=\"color: #0000ff;\">Colmar<\/span><\/strong><\/a>, aproape de grani\u021bele cu Elve\u021bia \u0219i Germania, se situeaz\u0103 Mulhouse \u00een francez\u0103 (pronun\u021bie Miluz&nbsp;\/ M\u00fclhausen \u00een german\u0103), un ora\u0219 care a ren\u0103scut dup\u0103 al doilea r\u0103zboi mondial ca pas\u0103rea Phoenix din cenu\u0219\u0103. Primul contact cu ora\u0219ul nu este la fel de marcant precum \u00een celelalte zone din Alsacia, lipsesc faimoasele case cu&nbsp; b\u00e2rne de lemn \u0219i tencuial\u0103 viu colorat\u0103, predomin\u0103 \u00eens\u0103 arhitectura \u00een stil renascentist cu ferestre vitrate. Centrul vechi al ora\u0219ului (sau ce a mai&nbsp; r\u0103mas din el), este proasp\u0103t renovat \u0219i foarte fotogenic, dar a\u0219ezat pe o suprafa\u021b\u0103 mic\u0103, fiind parc\u0103 prea u\u0219or de vizitat. Majoritatea obiectivelor arhitecturale sunt concentrate \u00een jurul pie\u021bei centrale (<strong>Place de la R\u00e9union<\/strong>).&nbsp; Dup\u0103 cum spunea C\u0103t\u0103lin \u00een cartea <em>Ora\u0219e \u00een rezumat<\/em>: &#8220;\u00cen fiecare comun\u0103 era o pia\u021b\u0103 unde, drept \u00een mijloc, cre\u0219tea un arbore b\u0103tr\u00e2n. Sub el, mai marii se str\u00e2ngeau duminica \u0219i \u00een zilele de s\u0103rb\u0103toare. Era locul unde se luau hot\u0103r\u00e2rile&#8221; Aici, ca \u0219i \u00een majoritatea pie\u021belor mari, arborele este \u00eenlocuit de o impresionant\u0103 catedral\u0103 cunoscut\u0103 sub denumirea de <a href=\"https:\/\/www.google.com\/maps\/place\/Temple+Saint-%C3%89tienne\/@47.7470144,7.3365075,17z\/data=!3m1!4b1!4m5!3m4!1s0x47919b7525ced20d:0xca0b6dd263c9aca2!8m2!3d47.7470108!4d7.3386962\"><span style=\"color: #0000ff;\"><strong>Temple Saint-Etienne<\/strong><\/span><\/a>. A fost construit\u0103 \u00een stil neo-gotic \u00eentre anii 1858-1866, pe locul unei foste biserici din secolul al XII-lea. Catedrala din Mulhouse este cea mai \u00eenalt\u0103 Biseric\u0103 protestant\u0103 din Fran\u021ba. N-au avut bani de termopane, a\u0219a c\u0103 au p\u0103strat vitraliile Bisericii originale din secolul al XII-lea, #ni\u0219tehipsteri.<\/p>\n<figure id=\"attachment_554\" aria-describedby=\"caption-attachment-554\" style=\"width: 683px\" class=\"wp-caption aligncenter\"><img loading=\"lazy\" decoding=\"async\" class=\"wp-image-554 size-large\" src=\"http:\/\/imars.ro\/wp-content\/uploads\/2018\/09\/Mulhouse_Vedere-din_Hotel_de_Ville-683x1024.jpg\" alt=\"never miss the Hotel de Ville \" width=\"683\" height=\"1024\" srcset=\"https:\/\/imars.ro\/wp-content\/uploads\/2018\/09\/Mulhouse_Vedere-din_Hotel_de_Ville-683x1024.jpg 683w, https:\/\/imars.ro\/wp-content\/uploads\/2018\/09\/Mulhouse_Vedere-din_Hotel_de_Ville-200x300.jpg 200w, https:\/\/imars.ro\/wp-content\/uploads\/2018\/09\/Mulhouse_Vedere-din_Hotel_de_Ville.jpg 768w, https:\/\/imars.ro\/wp-content\/uploads\/2018\/09\/Mulhouse_Vedere-din_Hotel_de_Ville-579x869.jpg 579w, https:\/\/imars.ro\/wp-content\/uploads\/2018\/09\/Mulhouse_Vedere-din_Hotel_de_Ville-615x923.jpg 615w, https:\/\/imars.ro\/wp-content\/uploads\/2018\/09\/Mulhouse_Vedere-din_Hotel_de_Ville-512x768.jpg 512w\" sizes=\"auto, (max-width: 683px) 100vw, 683px\" \/><figcaption id=\"caption-attachment-554\" class=\"wp-caption-text\"><em><strong>Vedere din Hotel de Ville<\/strong><\/em><\/figcaption><\/figure>\n<p>\u00cen partea de est a pie\u021bei se afl\u0103 <strong>Hotel de Ville<\/strong>, vechea prim\u0103rie a ora\u0219ului Mulhouse, construit\u0103 \u00een 1552 \u00een stil renascentist. La parterul cladirii se afl\u0103 Muzeul de Istorie \u0219i Centrul de informare turistic\u0103, \u00een cazul \u00een care vre\u021bi s\u0103 afla\u021bi \u00eentreaga istorie a ora\u0219ului.<\/p>\n<figure id=\"attachment_555\" aria-describedby=\"caption-attachment-555\" style=\"width: 1024px\" class=\"wp-caption aligncenter\"><img loading=\"lazy\" decoding=\"async\" class=\"wp-image-555 size-large\" src=\"http:\/\/imars.ro\/wp-content\/uploads\/2018\/09\/Mulhouse_Hotel_de_Ville_in_partea_stanga-1024x683.jpg\" alt=\"history of France in Mulhouse\" width=\"1024\" height=\"683\" srcset=\"https:\/\/imars.ro\/wp-content\/uploads\/2018\/09\/Mulhouse_Hotel_de_Ville_in_partea_stanga.jpg 1024w, https:\/\/imars.ro\/wp-content\/uploads\/2018\/09\/Mulhouse_Hotel_de_Ville_in_partea_stanga-300x200.jpg 300w, https:\/\/imars.ro\/wp-content\/uploads\/2018\/09\/Mulhouse_Hotel_de_Ville_in_partea_stanga-768x512.jpg 768w, https:\/\/imars.ro\/wp-content\/uploads\/2018\/09\/Mulhouse_Hotel_de_Ville_in_partea_stanga-579x386.jpg 579w, https:\/\/imars.ro\/wp-content\/uploads\/2018\/09\/Mulhouse_Hotel_de_Ville_in_partea_stanga-615x410.jpg 615w, https:\/\/imars.ro\/wp-content\/uploads\/2018\/09\/Mulhouse_Hotel_de_Ville_in_partea_stanga-800x534.jpg 800w, https:\/\/imars.ro\/wp-content\/uploads\/2018\/09\/Mulhouse_Hotel_de_Ville_in_partea_stanga-512x342.jpg 512w\" sizes=\"auto, (max-width: 1024px) 100vw, 1024px\" \/><figcaption id=\"caption-attachment-555\" class=\"wp-caption-text\"><em><strong>Hotel de Ville \u00een partea st\u00e2ng\u0103<\/strong><\/em><\/figcaption><\/figure>\n<p>Din p\u0103cate, fortifica\u021biile medievale care \u00eenconjurau vechiul oras au disp\u0103rut aproape \u00een \u00eentregime, supravie\u021buind ast\u0103zi doar dou\u0103 turnuri de ap\u0103rare, turnul Diavolului (<strong>Tour du Diable<\/strong>) \u0219i turnul Bollwerk (<strong>Tour du Bollwerk<\/strong>). \u00cen c\u0103utarea lor am \u00eent\u00e2lnit un graffiti bine executat, ilustr\u00e2nd reunirea ora\u0219ului cu Fran\u021ba din 15 martie 1798.<\/p>\n<figure id=\"attachment_556\" aria-describedby=\"caption-attachment-556\" style=\"width: 683px\" class=\"wp-caption aligncenter\"><img loading=\"lazy\" decoding=\"async\" class=\"wp-image-556 size-large\" src=\"http:\/\/imars.ro\/wp-content\/uploads\/2018\/09\/Mulhouse_Graffiti_ilustrand_reunirea_orasului_cu_Franta-683x1024.jpg\" alt=\"best graffiti in town of Mulhouse best hidden place\" width=\"683\" height=\"1024\" srcset=\"https:\/\/imars.ro\/wp-content\/uploads\/2018\/09\/Mulhouse_Graffiti_ilustrand_reunirea_orasului_cu_Franta-683x1024.jpg 683w, https:\/\/imars.ro\/wp-content\/uploads\/2018\/09\/Mulhouse_Graffiti_ilustrand_reunirea_orasului_cu_Franta-200x300.jpg 200w, https:\/\/imars.ro\/wp-content\/uploads\/2018\/09\/Mulhouse_Graffiti_ilustrand_reunirea_orasului_cu_Franta.jpg 768w, https:\/\/imars.ro\/wp-content\/uploads\/2018\/09\/Mulhouse_Graffiti_ilustrand_reunirea_orasului_cu_Franta-579x868.jpg 579w, https:\/\/imars.ro\/wp-content\/uploads\/2018\/09\/Mulhouse_Graffiti_ilustrand_reunirea_orasului_cu_Franta-615x922.jpg 615w, https:\/\/imars.ro\/wp-content\/uploads\/2018\/09\/Mulhouse_Graffiti_ilustrand_reunirea_orasului_cu_Franta-512x767.jpg 512w\" sizes=\"auto, (max-width: 683px) 100vw, 683px\" \/><figcaption id=\"caption-attachment-556\" class=\"wp-caption-text\"><em><strong>Graffiti&nbsp;ilustr\u00e2nd reunirea ora\u0219ului cu Fran\u021ba&nbsp;<\/strong><\/em><\/figcaption><\/figure>\n<p>Exist\u0103 \u0219i o gr\u0103din\u0103 Zoologic\u0103 pentru cei pasiona\u021bi de animale \u00een captivitate.<br>Totu\u0219i, Mulhouse nu este faimos pentru arhitectur\u0103, ci pentru cele mai frumoase muzee destinate mijloacelor de transport. Muzeul Trenurilor \u0219i Muzeul Automobilistic sunt de fapt \u0219i de drept principalele obiective pentru care ai vizita Mulhouse \u0219i nu cele enumerate mai sus.<br>Ca \u0219i colec\u021bionar de machete am optat pentru Muzeul Automobilistic, dar cred c\u0103 \u0219i cel al trenurilor m-ar fi impresionat.<\/p>\n<figure id=\"attachment_557\" aria-describedby=\"caption-attachment-557\" style=\"width: 683px\" class=\"wp-caption aligncenter\"><img loading=\"lazy\" decoding=\"async\" class=\"wp-image-557 size-large\" src=\"http:\/\/imars.ro\/wp-content\/uploads\/2018\/09\/Mulhouse_FrantaMuzeul_Automobilistic-683x1024.jpg\" alt=\"logo of Musee the Cite \" width=\"683\" height=\"1024\" srcset=\"https:\/\/imars.ro\/wp-content\/uploads\/2018\/09\/Mulhouse_FrantaMuzeul_Automobilistic-683x1024.jpg 683w, https:\/\/imars.ro\/wp-content\/uploads\/2018\/09\/Mulhouse_FrantaMuzeul_Automobilistic-200x300.jpg 200w, https:\/\/imars.ro\/wp-content\/uploads\/2018\/09\/Mulhouse_FrantaMuzeul_Automobilistic.jpg 768w, https:\/\/imars.ro\/wp-content\/uploads\/2018\/09\/Mulhouse_FrantaMuzeul_Automobilistic-579x869.jpg 579w, https:\/\/imars.ro\/wp-content\/uploads\/2018\/09\/Mulhouse_FrantaMuzeul_Automobilistic-615x923.jpg 615w, https:\/\/imars.ro\/wp-content\/uploads\/2018\/09\/Mulhouse_FrantaMuzeul_Automobilistic-512x768.jpg 512w\" sizes=\"auto, (max-width: 683px) 100vw, 683px\" \/><figcaption id=\"caption-attachment-557\" class=\"wp-caption-text\"><em><strong>Muzeul Automobilistic <\/strong><\/em><\/figcaption><\/figure>\n<p><strong>Men\u021bionez c\u0103 experien\u021ba la <a href=\"https:\/\/www.google.com\/maps\/place\/Cit%C3%A9+de+l'Automobile\/@47.7598992,7.3303659,17z\/data=!3m2!4b1!5s0x47919b646f30e3dd:0xe013e46c2d6993c8!4m5!3m4!1s0x47919b643d0117ed:0x9a2189f61444c593!8m2!3d47.7598956!4d7.3325546\"><span style=\"color: #0000ff;\">muzeu<\/span><\/a> a fost mult mai profund\u0103 datorit\u0103 acestei pasiuni \u00een compara\u021bie cu a unui simplu vizitator<\/strong>. Muzeul prezint\u0103 istoria automobilului european de la tr\u0103surile f\u0103r\u0103 cai p\u00e2n\u0103 la monoposturile de Formula 1. Muzeul nu trebuie confundat cu un eveniment de lansare a celor mai exotice modele, de\u0219i pre\u021burile ma\u0219inilor pot p\u0103rea de neatins \u00eentr-o via\u021b\u0103 de om &#8220;modest&#8221;, iar raritatea lor este echivalentul unui Holy Grail pentru un colec\u021bionar potent. Po\u021bi conduce ma\u0219ini vintage sau exotice c\u00e2teva ture de circuit, \u00een func\u021bie de preferin\u021be, disponibilitate \u0219i buzunar. Biletul de intrare este aproximativ \u20ac14 si variaz\u0103 cu c\u00e2\u021biva euro \u00een func\u021bie de v\u00e2rst\u0103 \u0219i statut.<\/p>\n<figure id=\"attachment_558\" aria-describedby=\"caption-attachment-558\" style=\"width: 1024px\" class=\"wp-caption aligncenter\"><img loading=\"lazy\" decoding=\"async\" class=\"wp-image-558 size-large\" src=\"http:\/\/imars.ro\/wp-content\/uploads\/2018\/09\/Mulhouse_Preturile_masinilor_de-_inchiriat-1024x683.jpg\" alt=\"Prices for Cit\u00e9 de l'Automobile France car ride\" width=\"1024\" height=\"683\" srcset=\"https:\/\/imars.ro\/wp-content\/uploads\/2018\/09\/Mulhouse_Preturile_masinilor_de-_inchiriat.jpg 1024w, https:\/\/imars.ro\/wp-content\/uploads\/2018\/09\/Mulhouse_Preturile_masinilor_de-_inchiriat-300x200.jpg 300w, https:\/\/imars.ro\/wp-content\/uploads\/2018\/09\/Mulhouse_Preturile_masinilor_de-_inchiriat-768x512.jpg 768w, https:\/\/imars.ro\/wp-content\/uploads\/2018\/09\/Mulhouse_Preturile_masinilor_de-_inchiriat-579x386.jpg 579w, https:\/\/imars.ro\/wp-content\/uploads\/2018\/09\/Mulhouse_Preturile_masinilor_de-_inchiriat-615x410.jpg 615w, https:\/\/imars.ro\/wp-content\/uploads\/2018\/09\/Mulhouse_Preturile_masinilor_de-_inchiriat-800x534.jpg 800w, https:\/\/imars.ro\/wp-content\/uploads\/2018\/09\/Mulhouse_Preturile_masinilor_de-_inchiriat-512x342.jpg 512w\" sizes=\"auto, (max-width: 1024px) 100vw, 1024px\" \/><figcaption id=\"caption-attachment-558\" class=\"wp-caption-text\"><em><strong>Pre\u021burile ma\u0219inilor de \u00eenchiriat<\/strong><\/em><\/figcaption><\/figure>\n<p>Colec\u021bia a apar\u021binut fra\u021bilor Schlumpf \u0219i este concentrat\u0103 \u00een jurul brandului Bugatti, cuprinz\u00e2nd peste 120 de modele ale lui Ettore Bugatti, \u00eentemeietorul uneia dintre cele mai exotice m\u0103rci de ma\u0219ini. Nu lipsesc nici m\u0103rcile celebre precum Maybach, Rolls Royce, Maserati, Hispano-Suiza sau chiar Ferrari.<\/p>\n<p><img loading=\"lazy\" decoding=\"async\" class=\"aligncenter wp-image-559 size-large\" src=\"http:\/\/imars.ro\/wp-content\/uploads\/2018\/09\/Mulhouse_Muzeul_auto_triciclu-1024x683.jpg\" alt=\"old car in Cit\u00e9 de l'Automobile must see\" width=\"1024\" height=\"683\" srcset=\"https:\/\/imars.ro\/wp-content\/uploads\/2018\/09\/Mulhouse_Muzeul_auto_triciclu.jpg 1024w, https:\/\/imars.ro\/wp-content\/uploads\/2018\/09\/Mulhouse_Muzeul_auto_triciclu-300x200.jpg 300w, https:\/\/imars.ro\/wp-content\/uploads\/2018\/09\/Mulhouse_Muzeul_auto_triciclu-768x512.jpg 768w, https:\/\/imars.ro\/wp-content\/uploads\/2018\/09\/Mulhouse_Muzeul_auto_triciclu-579x386.jpg 579w, https:\/\/imars.ro\/wp-content\/uploads\/2018\/09\/Mulhouse_Muzeul_auto_triciclu-615x410.jpg 615w, https:\/\/imars.ro\/wp-content\/uploads\/2018\/09\/Mulhouse_Muzeul_auto_triciclu-800x534.jpg 800w, https:\/\/imars.ro\/wp-content\/uploads\/2018\/09\/Mulhouse_Muzeul_auto_triciclu-512x342.jpg 512w\" sizes=\"auto, (max-width: 1024px) 100vw, 1024px\" \/><\/p>\n<p><img loading=\"lazy\" decoding=\"async\" class=\"aligncenter wp-image-560 size-large\" src=\"http:\/\/imars.ro\/wp-content\/uploads\/2018\/09\/Mulhouse_Muzeul_auto_primele_masini-1024x683.jpg\" alt=\"history of Cit\u00e9 de l'Automobile museum musee\" width=\"1024\" height=\"683\" srcset=\"https:\/\/imars.ro\/wp-content\/uploads\/2018\/09\/Mulhouse_Muzeul_auto_primele_masini.jpg 1024w, https:\/\/imars.ro\/wp-content\/uploads\/2018\/09\/Mulhouse_Muzeul_auto_primele_masini-300x200.jpg 300w, https:\/\/imars.ro\/wp-content\/uploads\/2018\/09\/Mulhouse_Muzeul_auto_primele_masini-768x512.jpg 768w, https:\/\/imars.ro\/wp-content\/uploads\/2018\/09\/Mulhouse_Muzeul_auto_primele_masini-579x386.jpg 579w, https:\/\/imars.ro\/wp-content\/uploads\/2018\/09\/Mulhouse_Muzeul_auto_primele_masini-615x410.jpg 615w, https:\/\/imars.ro\/wp-content\/uploads\/2018\/09\/Mulhouse_Muzeul_auto_primele_masini-800x534.jpg 800w, https:\/\/imars.ro\/wp-content\/uploads\/2018\/09\/Mulhouse_Muzeul_auto_primele_masini-512x342.jpg 512w\" sizes=\"auto, (max-width: 1024px) 100vw, 1024px\" \/><\/p>\n<p><img loading=\"lazy\" decoding=\"async\" class=\"aligncenter wp-image-561 size-large\" src=\"http:\/\/imars.ro\/wp-content\/uploads\/2018\/09\/Mulhouse_Franta_Bugatti_blue-1024x683.jpg\" alt=\"Cit\u00e9 de l'Automobile Bugatti most beautiful France\" width=\"1024\" height=\"683\" srcset=\"https:\/\/imars.ro\/wp-content\/uploads\/2018\/09\/Mulhouse_Franta_Bugatti_blue.jpg 1024w, https:\/\/imars.ro\/wp-content\/uploads\/2018\/09\/Mulhouse_Franta_Bugatti_blue-300x200.jpg 300w, https:\/\/imars.ro\/wp-content\/uploads\/2018\/09\/Mulhouse_Franta_Bugatti_blue-768x512.jpg 768w, https:\/\/imars.ro\/wp-content\/uploads\/2018\/09\/Mulhouse_Franta_Bugatti_blue-579x386.jpg 579w, https:\/\/imars.ro\/wp-content\/uploads\/2018\/09\/Mulhouse_Franta_Bugatti_blue-615x410.jpg 615w, https:\/\/imars.ro\/wp-content\/uploads\/2018\/09\/Mulhouse_Franta_Bugatti_blue-800x534.jpg 800w, https:\/\/imars.ro\/wp-content\/uploads\/2018\/09\/Mulhouse_Franta_Bugatti_blue-512x342.jpg 512w\" sizes=\"auto, (max-width: 1024px) 100vw, 1024px\" \/><\/p>\n<p><img loading=\"lazy\" decoding=\"async\" class=\"aligncenter wp-image-562 size-large\" src=\"http:\/\/imars.ro\/wp-content\/uploads\/2018\/09\/Mulhouse_Franta_Maybach_Muzeu-1024x683.jpg\" alt=\"Cit\u00e9 de l'Automobile Maybach most expensive\" width=\"1024\" height=\"683\" srcset=\"https:\/\/imars.ro\/wp-content\/uploads\/2018\/09\/Mulhouse_Franta_Maybach_Muzeu.jpg 1024w, https:\/\/imars.ro\/wp-content\/uploads\/2018\/09\/Mulhouse_Franta_Maybach_Muzeu-300x200.jpg 300w, https:\/\/imars.ro\/wp-content\/uploads\/2018\/09\/Mulhouse_Franta_Maybach_Muzeu-768x512.jpg 768w, https:\/\/imars.ro\/wp-content\/uploads\/2018\/09\/Mulhouse_Franta_Maybach_Muzeu-579x386.jpg 579w, https:\/\/imars.ro\/wp-content\/uploads\/2018\/09\/Mulhouse_Franta_Maybach_Muzeu-615x410.jpg 615w, https:\/\/imars.ro\/wp-content\/uploads\/2018\/09\/Mulhouse_Franta_Maybach_Muzeu-800x534.jpg 800w, https:\/\/imars.ro\/wp-content\/uploads\/2018\/09\/Mulhouse_Franta_Maybach_Muzeu-512x342.jpg 512w\" sizes=\"auto, (max-width: 1024px) 100vw, 1024px\" \/><\/p>\n<p><img loading=\"lazy\" decoding=\"async\" class=\"aligncenter wp-image-563 size-large\" src=\"http:\/\/imars.ro\/wp-content\/uploads\/2018\/09\/Mulhouse_Franta_rolls_royce-1024x675.jpg\" alt=\"Rolls Royce Vintage\" width=\"1024\" height=\"675\" srcset=\"https:\/\/imars.ro\/wp-content\/uploads\/2018\/09\/Mulhouse_Franta_rolls_royce.jpg 1024w, https:\/\/imars.ro\/wp-content\/uploads\/2018\/09\/Mulhouse_Franta_rolls_royce-300x198.jpg 300w, https:\/\/imars.ro\/wp-content\/uploads\/2018\/09\/Mulhouse_Franta_rolls_royce-768x506.jpg 768w, https:\/\/imars.ro\/wp-content\/uploads\/2018\/09\/Mulhouse_Franta_rolls_royce-579x382.jpg 579w, https:\/\/imars.ro\/wp-content\/uploads\/2018\/09\/Mulhouse_Franta_rolls_royce-615x405.jpg 615w, https:\/\/imars.ro\/wp-content\/uploads\/2018\/09\/Mulhouse_Franta_rolls_royce-800x527.jpg 800w, https:\/\/imars.ro\/wp-content\/uploads\/2018\/09\/Mulhouse_Franta_rolls_royce-512x338.jpg 512w\" sizes=\"auto, (max-width: 1024px) 100vw, 1024px\" \/><\/p>\n<p><img loading=\"lazy\" decoding=\"async\" class=\"aligncenter wp-image-564 size-large\" src=\"http:\/\/imars.ro\/wp-content\/uploads\/2018\/09\/Mulhouse_Franta_Porsche_orange-1024x648.jpg\" alt=\"Porsche in France orange\" width=\"1024\" height=\"648\" srcset=\"https:\/\/imars.ro\/wp-content\/uploads\/2018\/09\/Mulhouse_Franta_Porsche_orange.jpg 1024w, https:\/\/imars.ro\/wp-content\/uploads\/2018\/09\/Mulhouse_Franta_Porsche_orange-300x190.jpg 300w, https:\/\/imars.ro\/wp-content\/uploads\/2018\/09\/Mulhouse_Franta_Porsche_orange-768x486.jpg 768w, https:\/\/imars.ro\/wp-content\/uploads\/2018\/09\/Mulhouse_Franta_Porsche_orange-579x366.jpg 579w, https:\/\/imars.ro\/wp-content\/uploads\/2018\/09\/Mulhouse_Franta_Porsche_orange-615x389.jpg 615w, https:\/\/imars.ro\/wp-content\/uploads\/2018\/09\/Mulhouse_Franta_Porsche_orange-800x506.jpg 800w, https:\/\/imars.ro\/wp-content\/uploads\/2018\/09\/Mulhouse_Franta_Porsche_orange-512x324.jpg 512w\" sizes=\"auto, (max-width: 1024px) 100vw, 1024px\" \/><\/p>\n<p><img loading=\"lazy\" decoding=\"async\" class=\"aligncenter wp-image-565 size-large\" src=\"http:\/\/imars.ro\/wp-content\/uploads\/2018\/09\/Mulhouse_franta_Formula1-1024x683.jpg\" alt=\"Formula 1 in Muzeul din Franta\" width=\"1024\" height=\"683\" srcset=\"https:\/\/imars.ro\/wp-content\/uploads\/2018\/09\/Mulhouse_franta_Formula1.jpg 1024w, https:\/\/imars.ro\/wp-content\/uploads\/2018\/09\/Mulhouse_franta_Formula1-300x200.jpg 300w, https:\/\/imars.ro\/wp-content\/uploads\/2018\/09\/Mulhouse_franta_Formula1-768x512.jpg 768w, https:\/\/imars.ro\/wp-content\/uploads\/2018\/09\/Mulhouse_franta_Formula1-579x386.jpg 579w, https:\/\/imars.ro\/wp-content\/uploads\/2018\/09\/Mulhouse_franta_Formula1-615x410.jpg 615w, https:\/\/imars.ro\/wp-content\/uploads\/2018\/09\/Mulhouse_franta_Formula1-800x534.jpg 800w, https:\/\/imars.ro\/wp-content\/uploads\/2018\/09\/Mulhouse_franta_Formula1-512x342.jpg 512w\" sizes=\"auto, (max-width: 1024px) 100vw, 1024px\" \/><\/p>\n<figure id=\"attachment_566\" aria-describedby=\"caption-attachment-566\" style=\"width: 1024px\" class=\"wp-caption aligncenter\"><img loading=\"lazy\" decoding=\"async\" class=\"wp-image-566 size-large\" src=\"http:\/\/imars.ro\/wp-content\/uploads\/2018\/09\/Mulhouse_Franta_Bugatti_Veyron-1024x683.jpg\" alt=\"cea mai scumpa masina Bugatti Veyron\" width=\"1024\" height=\"683\" srcset=\"https:\/\/imars.ro\/wp-content\/uploads\/2018\/09\/Mulhouse_Franta_Bugatti_Veyron.jpg 1024w, https:\/\/imars.ro\/wp-content\/uploads\/2018\/09\/Mulhouse_Franta_Bugatti_Veyron-300x200.jpg 300w, https:\/\/imars.ro\/wp-content\/uploads\/2018\/09\/Mulhouse_Franta_Bugatti_Veyron-768x512.jpg 768w, https:\/\/imars.ro\/wp-content\/uploads\/2018\/09\/Mulhouse_Franta_Bugatti_Veyron-579x386.jpg 579w, https:\/\/imars.ro\/wp-content\/uploads\/2018\/09\/Mulhouse_Franta_Bugatti_Veyron-615x410.jpg 615w, https:\/\/imars.ro\/wp-content\/uploads\/2018\/09\/Mulhouse_Franta_Bugatti_Veyron-800x534.jpg 800w, https:\/\/imars.ro\/wp-content\/uploads\/2018\/09\/Mulhouse_Franta_Bugatti_Veyron-512x342.jpg 512w\" sizes=\"auto, (max-width: 1024px) 100vw, 1024px\" \/><figcaption id=\"caption-attachment-566\" class=\"wp-caption-text\"><em><strong>Bugatti Veyron<\/strong><\/em><\/figcaption><\/figure>\n<p>De men\u021bionat c\u0103 Ettore se tr\u0103gea dintr-o familie de arti\u0219ti, iar spiritul creativ \u0219i-a pus amprenta nu numai asupra lui, dar \u0219i asupra fratelui s\u0103u, Rembrandt Bugatti, care sculpta animale s\u0103lbatice \u00een diferite ipostaze, pe care le studia la gr\u0103dina zoologic\u0103 din Antwerp , capodoperile lui devenind embleme pentru viitoarele modelele Bugatti. Cea mai cunoscut\u0103 emblem\u0103 de la Bugatti este <em>&#8220;Dancing Elephant&#8221;,<\/em> care are o poveste la fel de trist\u0103 ca emblema de la Rolls-Royce <em>&#8220;Spirit of Ecstasy&#8221; <\/em>\u0219i pe care am aflat-o dup\u0103 o mic\u0103 cercetare. Se pare c\u0103 pasiunea lui Rembrandt Bugatti i-a fost fatal\u0103 atunci c\u00e2nd, toate animalele de la gr\u0103dina Zoologic\u0103 Antwerp au fost ucise \u00een timpul Primului R\u0103zboi Mondial, \u00eemping\u00e2ndu-l pe Rembrandt s\u0103-\u0219i \u00eencheie socotelile cu via\u021ba, dup\u0103 o serioas\u0103 si lung\u0103 depresie.<br>Cum au ajuns fra\u021bii Schlumpf s\u0103 de\u021bin\u0103 un num\u0103r impresionant de ma\u0219ini Bugatti? Simplu! C\u00e2nd te dau banii afar\u0103 din cas\u0103 nu cumperi c\u00e2te o ma\u0219in\u0103, ci v\u00e2nezi al\u021bi colec\u021bionari de ma\u0219ini de lux \u0219i le cumperi \u00eentreaga colec\u021bie. A\u0219a a cump\u0103rat Fritz Schlumpf \u00een Martie 1964 de la John W. Shakespeare, un sportiv \u00eenst\u0103rit din Illinois, pe care nu l-a \u00eent\u00e2lnit niciodat\u0103, un lot de 30 de ma\u0219ini Bugatti, pentru suma de $85,000. Din \u00eentregul lot achizi\u021bionat, perla coroanei era unul din cele 6 Bugatti Type 41 &#8220;Royale&#8221; construite vreodat\u0103, valor\u00e2nd ast\u0103zi \u00een jur de 15-20 milioane de dolari \u0219i nu este cel mai scump Bugatti din colec\u021bia Schlumpf.<\/p>\n<figure id=\"attachment_568\" aria-describedby=\"caption-attachment-568\" style=\"width: 1024px\" class=\"wp-caption aligncenter\"><img loading=\"lazy\" decoding=\"async\" class=\"wp-image-568 size-large\" src=\"http:\/\/imars.ro\/wp-content\/uploads\/2018\/09\/Bugatti_T41_Limousine_Park_Ward-1024x710.jpg\" alt=\"cea mai scumpa masina din lume pe care o poti vedea\" width=\"1024\" height=\"710\" srcset=\"https:\/\/imars.ro\/wp-content\/uploads\/2018\/09\/Bugatti_T41_Limousine_Park_Ward.jpg 1024w, https:\/\/imars.ro\/wp-content\/uploads\/2018\/09\/Bugatti_T41_Limousine_Park_Ward-300x208.jpg 300w, https:\/\/imars.ro\/wp-content\/uploads\/2018\/09\/Bugatti_T41_Limousine_Park_Ward-768x533.jpg 768w, https:\/\/imars.ro\/wp-content\/uploads\/2018\/09\/Bugatti_T41_Limousine_Park_Ward-579x401.jpg 579w, https:\/\/imars.ro\/wp-content\/uploads\/2018\/09\/Bugatti_T41_Limousine_Park_Ward-615x426.jpg 615w, https:\/\/imars.ro\/wp-content\/uploads\/2018\/09\/Bugatti_T41_Limousine_Park_Ward-800x555.jpg 800w, https:\/\/imars.ro\/wp-content\/uploads\/2018\/09\/Bugatti_T41_Limousine_Park_Ward-512x355.jpg 512w\" sizes=\"auto, (max-width: 1024px) 100vw, 1024px\" \/><figcaption id=\"caption-attachment-568\" class=\"wp-caption-text\"><em><strong>Bugatti T41 Limousine Park-Ward<\/strong><\/em><\/figcaption><\/figure>\n<p>Ettore Bugatti dorea s\u0103 construiasc\u0103 25 de modele T41 pentru familiile regale, dar din cauza recesiunii economice si al pre\u021bului ridicat, modelele nu au avut succes \u0219i au fost construite doar un num\u0103r redus de 6. Modelul T41 v\u00e2ndut de John W. Shakespeare a fost al-IV-lea model cu seria de \u0219asiu 41131 cunoscut\u0103 sub numele de Limousine Park-Ward.<br>Fra\u021bii Schlumpf au reusit s\u0103 achizi\u021bioneze \u0219i primul model T41 creat de Ettore, denumit Coup\u00e9 Napoleon, serie \u0219asiu 41100. Ma\u0219ina a fost folosit\u0103 personal de Ettore p\u00e2n\u0103 c\u00e2nd a fost v\u00e2ndut\u0103 celor doi fra\u021bi. Monstrul de 6,4 metri si r\u0103get de 12.7 litri i\u021bi taie respira\u021bia, p\u00e2n\u0103 \u0219i binecunoscutul Bugatti Veyron p\u0103le\u0219te \u00een fa\u021ba lui. Valoarea estimat\u0103 sare de 20 de milioane de euro \u0219i este cea mai scump\u0103 ma\u0219in\u0103 produs\u0103 de Bugatti.<\/p>\n<figure id=\"attachment_569\" aria-describedby=\"caption-attachment-569\" style=\"width: 1024px\" class=\"wp-caption aligncenter\"><img loading=\"lazy\" decoding=\"async\" class=\"wp-image-569 size-large\" src=\"http:\/\/imars.ro\/wp-content\/uploads\/2018\/09\/Bugatti_T41_Coupe_Napoleon_cel_mai_scump_Bugatti-1024x683.jpg\" alt=\"Bugatti cea mai scumpa masina din lume | Most expensive car in the world \" width=\"1024\" height=\"683\" srcset=\"https:\/\/imars.ro\/wp-content\/uploads\/2018\/09\/Bugatti_T41_Coupe_Napoleon_cel_mai_scump_Bugatti.jpg 1024w, https:\/\/imars.ro\/wp-content\/uploads\/2018\/09\/Bugatti_T41_Coupe_Napoleon_cel_mai_scump_Bugatti-300x200.jpg 300w, https:\/\/imars.ro\/wp-content\/uploads\/2018\/09\/Bugatti_T41_Coupe_Napoleon_cel_mai_scump_Bugatti-768x512.jpg 768w, https:\/\/imars.ro\/wp-content\/uploads\/2018\/09\/Bugatti_T41_Coupe_Napoleon_cel_mai_scump_Bugatti-579x386.jpg 579w, https:\/\/imars.ro\/wp-content\/uploads\/2018\/09\/Bugatti_T41_Coupe_Napoleon_cel_mai_scump_Bugatti-615x410.jpg 615w, https:\/\/imars.ro\/wp-content\/uploads\/2018\/09\/Bugatti_T41_Coupe_Napoleon_cel_mai_scump_Bugatti-800x534.jpg 800w, https:\/\/imars.ro\/wp-content\/uploads\/2018\/09\/Bugatti_T41_Coupe_Napoleon_cel_mai_scump_Bugatti-512x342.jpg 512w\" sizes=\"auto, (max-width: 1024px) 100vw, 1024px\" \/><figcaption id=\"caption-attachment-569\" class=\"wp-caption-text\"><em><strong>Bugatti T41 Coup\u00e9 Napoleon. Regina colec\u021biei.<\/strong><\/em><\/figcaption><\/figure>\n<p>Pe lang\u0103 cele dou\u0103 T41, mai exist\u0103 \u0219i-o replic\u0103 a unui T41 coupe recreat\u0103 de Schlumpf din piese originale, cunoscut\u0103 ca \u0219i Royale Esders Coupe.<\/p>\n<figure id=\"attachment_570\" aria-describedby=\"caption-attachment-570\" style=\"width: 1024px\" class=\"wp-caption aligncenter\"><img loading=\"lazy\" decoding=\"async\" class=\"wp-image-570 size-large\" src=\"http:\/\/imars.ro\/wp-content\/uploads\/2018\/09\/Muzeu_Bugatti-_Royale_Esders_Coupe_Copie_-1024x683.jpg\" alt=\"o copie fenomenala\" width=\"1024\" height=\"683\" srcset=\"https:\/\/imars.ro\/wp-content\/uploads\/2018\/09\/Muzeu_Bugatti-_Royale_Esders_Coupe_Copie_.jpg 1024w, https:\/\/imars.ro\/wp-content\/uploads\/2018\/09\/Muzeu_Bugatti-_Royale_Esders_Coupe_Copie_-300x200.jpg 300w, https:\/\/imars.ro\/wp-content\/uploads\/2018\/09\/Muzeu_Bugatti-_Royale_Esders_Coupe_Copie_-768x512.jpg 768w, https:\/\/imars.ro\/wp-content\/uploads\/2018\/09\/Muzeu_Bugatti-_Royale_Esders_Coupe_Copie_-579x386.jpg 579w, https:\/\/imars.ro\/wp-content\/uploads\/2018\/09\/Muzeu_Bugatti-_Royale_Esders_Coupe_Copie_-615x410.jpg 615w, https:\/\/imars.ro\/wp-content\/uploads\/2018\/09\/Muzeu_Bugatti-_Royale_Esders_Coupe_Copie_-800x534.jpg 800w, https:\/\/imars.ro\/wp-content\/uploads\/2018\/09\/Muzeu_Bugatti-_Royale_Esders_Coupe_Copie_-512x342.jpg 512w\" sizes=\"auto, (max-width: 1024px) 100vw, 1024px\" \/><figcaption id=\"caption-attachment-570\" class=\"wp-caption-text\"><em><strong>Bugatti&nbsp; Royale Esders Coupe<\/strong><\/em><\/figcaption><\/figure>\n<p>\u00cen memoria lui Rembrandt Bugatti, toate modelele T41 au primit ca emblem\u0103 minunat\u0103 sculptura &#8220;Dancing Elephant&#8221;.<br>\u00cen concluzie, Mulhouse nu este o destina\u021bie must-see, dar dac\u0103 e\u0219ti o persoan\u0103 pasionat\u0103 de vehicule sau vrei s\u0103 faci o surpriz\u0103 pl\u0103cut\u0103 unui prieten, cu siguran\u021b\u0103 este o op\u021biune de luat \u00een calcul.<\/p>\n<p><img loading=\"lazy\" decoding=\"async\" class=\"aligncenter wp-image-571 size-large\" src=\"http:\/\/imars.ro\/wp-content\/uploads\/2018\/09\/Mulhouse_Muzeul_auto-1024x683.jpg\" alt=\"masina rosie in muzeu\" width=\"1024\" height=\"683\" srcset=\"https:\/\/imars.ro\/wp-content\/uploads\/2018\/09\/Mulhouse_Muzeul_auto.jpg 1024w, https:\/\/imars.ro\/wp-content\/uploads\/2018\/09\/Mulhouse_Muzeul_auto-300x200.jpg 300w, https:\/\/imars.ro\/wp-content\/uploads\/2018\/09\/Mulhouse_Muzeul_auto-768x512.jpg 768w, https:\/\/imars.ro\/wp-content\/uploads\/2018\/09\/Mulhouse_Muzeul_auto-579x386.jpg 579w, https:\/\/imars.ro\/wp-content\/uploads\/2018\/09\/Mulhouse_Muzeul_auto-615x410.jpg 615w, https:\/\/imars.ro\/wp-content\/uploads\/2018\/09\/Mulhouse_Muzeul_auto-800x534.jpg 800w, https:\/\/imars.ro\/wp-content\/uploads\/2018\/09\/Mulhouse_Muzeul_auto-512x342.jpg 512w\" sizes=\"auto, (max-width: 1024px) 100vw, 1024px\" \/><\/p>\n<p><img loading=\"lazy\" decoding=\"async\" class=\"aligncenter wp-image-572 size-large\" src=\"http:\/\/imars.ro\/wp-content\/uploads\/2018\/09\/Franta_Bugatti_Rosu-1024x683.jpg\" alt=\"Bugatti rosu | Red Bugatti in France\" width=\"1024\" height=\"683\" srcset=\"https:\/\/imars.ro\/wp-content\/uploads\/2018\/09\/Franta_Bugatti_Rosu.jpg 1024w, https:\/\/imars.ro\/wp-content\/uploads\/2018\/09\/Franta_Bugatti_Rosu-300x200.jpg 300w, https:\/\/imars.ro\/wp-content\/uploads\/2018\/09\/Franta_Bugatti_Rosu-768x512.jpg 768w, https:\/\/imars.ro\/wp-content\/uploads\/2018\/09\/Franta_Bugatti_Rosu-579x386.jpg 579w, https:\/\/imars.ro\/wp-content\/uploads\/2018\/09\/Franta_Bugatti_Rosu-615x410.jpg 615w, https:\/\/imars.ro\/wp-content\/uploads\/2018\/09\/Franta_Bugatti_Rosu-800x534.jpg 800w, https:\/\/imars.ro\/wp-content\/uploads\/2018\/09\/Franta_Bugatti_Rosu-512x342.jpg 512w\" sizes=\"auto, (max-width: 1024px) 100vw, 1024px\" \/><\/p>\n<p><img loading=\"lazy\" decoding=\"async\" class=\"aligncenter wp-image-573 size-large\" src=\"http:\/\/imars.ro\/wp-content\/uploads\/2018\/09\/Mulhouse_Franta_Mercedes_alb_Vintage-1024x683.jpg\" alt=\"cel mai vechi Mercedes | Mert\" width=\"1024\" height=\"683\" srcset=\"https:\/\/imars.ro\/wp-content\/uploads\/2018\/09\/Mulhouse_Franta_Mercedes_alb_Vintage.jpg 1024w, https:\/\/imars.ro\/wp-content\/uploads\/2018\/09\/Mulhouse_Franta_Mercedes_alb_Vintage-300x200.jpg 300w, https:\/\/imars.ro\/wp-content\/uploads\/2018\/09\/Mulhouse_Franta_Mercedes_alb_Vintage-768x512.jpg 768w, https:\/\/imars.ro\/wp-content\/uploads\/2018\/09\/Mulhouse_Franta_Mercedes_alb_Vintage-579x386.jpg 579w, https:\/\/imars.ro\/wp-content\/uploads\/2018\/09\/Mulhouse_Franta_Mercedes_alb_Vintage-615x410.jpg 615w, https:\/\/imars.ro\/wp-content\/uploads\/2018\/09\/Mulhouse_Franta_Mercedes_alb_Vintage-800x534.jpg 800w, https:\/\/imars.ro\/wp-content\/uploads\/2018\/09\/Mulhouse_Franta_Mercedes_alb_Vintage-512x342.jpg 512w\" sizes=\"auto, (max-width: 1024px) 100vw, 1024px\" \/><\/p>\n<p><img loading=\"lazy\" decoding=\"async\" class=\"aligncenter wp-image-574 size-large\" src=\"http:\/\/imars.ro\/wp-content\/uploads\/2018\/09\/Muzeu_Masini_de_Formula_1_clasice-1024x683.jpg\" alt=\"Formula 1 \" width=\"1024\" height=\"683\" srcset=\"https:\/\/imars.ro\/wp-content\/uploads\/2018\/09\/Muzeu_Masini_de_Formula_1_clasice.jpg 1024w, https:\/\/imars.ro\/wp-content\/uploads\/2018\/09\/Muzeu_Masini_de_Formula_1_clasice-300x200.jpg 300w, https:\/\/imars.ro\/wp-content\/uploads\/2018\/09\/Muzeu_Masini_de_Formula_1_clasice-768x512.jpg 768w, https:\/\/imars.ro\/wp-content\/uploads\/2018\/09\/Muzeu_Masini_de_Formula_1_clasice-579x386.jpg 579w, https:\/\/imars.ro\/wp-content\/uploads\/2018\/09\/Muzeu_Masini_de_Formula_1_clasice-615x410.jpg 615w, https:\/\/imars.ro\/wp-content\/uploads\/2018\/09\/Muzeu_Masini_de_Formula_1_clasice-800x534.jpg 800w, https:\/\/imars.ro\/wp-content\/uploads\/2018\/09\/Muzeu_Masini_de_Formula_1_clasice-512x342.jpg 512w\" sizes=\"auto, (max-width: 1024px) 100vw, 1024px\" \/><\/p>\n<p><img loading=\"lazy\" decoding=\"async\" class=\"aligncenter wp-image-575 size-large\" src=\"http:\/\/imars.ro\/wp-content\/uploads\/2018\/09\/Masina_clasica_Curse-1024x683.jpg\" alt=\"Bugatti in Alsace France\" width=\"1024\" height=\"683\" srcset=\"https:\/\/imars.ro\/wp-content\/uploads\/2018\/09\/Masina_clasica_Curse.jpg 1024w, https:\/\/imars.ro\/wp-content\/uploads\/2018\/09\/Masina_clasica_Curse-300x200.jpg 300w, https:\/\/imars.ro\/wp-content\/uploads\/2018\/09\/Masina_clasica_Curse-768x512.jpg 768w, https:\/\/imars.ro\/wp-content\/uploads\/2018\/09\/Masina_clasica_Curse-579x386.jpg 579w, https:\/\/imars.ro\/wp-content\/uploads\/2018\/09\/Masina_clasica_Curse-615x410.jpg 615w, https:\/\/imars.ro\/wp-content\/uploads\/2018\/09\/Masina_clasica_Curse-800x534.jpg 800w, https:\/\/imars.ro\/wp-content\/uploads\/2018\/09\/Masina_clasica_Curse-512x342.jpg 512w\" sizes=\"auto, (max-width: 1024px) 100vw, 1024px\" \/><\/p>\n<p><img loading=\"lazy\" decoding=\"async\" class=\"aligncenter wp-image-576 size-large\" src=\"http:\/\/imars.ro\/wp-content\/uploads\/2018\/09\/Muzeu_Masina_film-1024x733.jpg\" alt=\"most excentric car in the world\" width=\"1024\" height=\"733\" srcset=\"https:\/\/imars.ro\/wp-content\/uploads\/2018\/09\/Muzeu_Masina_film.jpg 1024w, https:\/\/imars.ro\/wp-content\/uploads\/2018\/09\/Muzeu_Masina_film-300x215.jpg 300w, https:\/\/imars.ro\/wp-content\/uploads\/2018\/09\/Muzeu_Masina_film-768x550.jpg 768w, https:\/\/imars.ro\/wp-content\/uploads\/2018\/09\/Muzeu_Masina_film-579x414.jpg 579w, https:\/\/imars.ro\/wp-content\/uploads\/2018\/09\/Muzeu_Masina_film-615x440.jpg 615w, https:\/\/imars.ro\/wp-content\/uploads\/2018\/09\/Muzeu_Masina_film-800x573.jpg 800w, https:\/\/imars.ro\/wp-content\/uploads\/2018\/09\/Muzeu_Masina_film-512x367.jpg 512w\" sizes=\"auto, (max-width: 1024px) 100vw, 1024px\" \/><\/p>\n<p><img loading=\"lazy\" decoding=\"async\" class=\"aligncenter wp-image-296 size-large\" src=\"http:\/\/imars.ro\/wp-content\/uploads\/2018\/09\/DC23EC9C-350F-4828-88F4-84A23A46CC60-1024x683.jpg\" alt=\"\" width=\"1024\" height=\"683\" srcset=\"https:\/\/imars.ro\/wp-content\/uploads\/2018\/09\/DC23EC9C-350F-4828-88F4-84A23A46CC60-1024x683.jpg 1024w, https:\/\/imars.ro\/wp-content\/uploads\/2018\/09\/DC23EC9C-350F-4828-88F4-84A23A46CC60-300x200.jpg 300w, https:\/\/imars.ro\/wp-content\/uploads\/2018\/09\/DC23EC9C-350F-4828-88F4-84A23A46CC60-768x512.jpg 768w, https:\/\/imars.ro\/wp-content\/uploads\/2018\/09\/DC23EC9C-350F-4828-88F4-84A23A46CC60-210x140.jpg 210w\" sizes=\"auto, (max-width: 1024px) 100vw, 1024px\" \/><\/p>\n<p><img loading=\"lazy\" decoding=\"async\" class=\"aligncenter wp-image-577 size-large\" src=\"http:\/\/imars.ro\/wp-content\/uploads\/2018\/09\/Muzeul_masina_scoica-1024x732.jpg\" alt=\"car on the moon \" width=\"1024\" height=\"732\" srcset=\"https:\/\/imars.ro\/wp-content\/uploads\/2018\/09\/Muzeul_masina_scoica.jpg 1024w, https:\/\/imars.ro\/wp-content\/uploads\/2018\/09\/Muzeul_masina_scoica-300x214.jpg 300w, https:\/\/imars.ro\/wp-content\/uploads\/2018\/09\/Muzeul_masina_scoica-768x549.jpg 768w, https:\/\/imars.ro\/wp-content\/uploads\/2018\/09\/Muzeul_masina_scoica-579x414.jpg 579w, https:\/\/imars.ro\/wp-content\/uploads\/2018\/09\/Muzeul_masina_scoica-615x440.jpg 615w, https:\/\/imars.ro\/wp-content\/uploads\/2018\/09\/Muzeul_masina_scoica-800x572.jpg 800w, https:\/\/imars.ro\/wp-content\/uploads\/2018\/09\/Muzeul_masina_scoica-512x366.jpg 512w\" sizes=\"auto, (max-width: 1024px) 100vw, 1024px\" \/><\/p>\n\n\n<p class=\"wp-block-paragraph\"><\/p>\n","protected":false},"excerpt":{"rendered":"<p>La aproximativ 20 de minute de mers cu trenul de Colmar, aproape de grani\u021bele cu Elve\u021bia \u0219i Germania, se situeaz\u0103 Mulhouse \u00een francez\u0103 (pronun\u021bie Miluz&nbsp;\/ M\u00fclhausen \u00een german\u0103), un ora\u0219 care a ren\u0103scut dup\u0103 al doilea r\u0103zboi mondial ca pas\u0103rea Phoenix din cenu\u0219\u0103. Primul contact cu ora\u0219ul nu este la &hellip;<\/p>\n","protected":false},"author":1,"featured_media":314,"comment_status":"open","ping_status":"open","sticky":false,"template":"","format":"standard","meta":{"footnotes":""},"categories":[6],"tags":[19,18,20],"class_list":["post-245","post","type-post","status-publish","format-standard","has-post-thumbnail","hentry","category-travel","tag-ce-sa-vizitezi-in-alsacia","tag-cel-mai-scump-bugatti","tag-mulhouse"],"_links":{"self":[{"href":"https:\/\/imars.ro\/index.php?rest_route=\/wp\/v2\/posts\/245","targetHints":{"allow":["GET"]}}],"collection":[{"href":"https:\/\/imars.ro\/index.php?rest_route=\/wp\/v2\/posts"}],"about":[{"href":"https:\/\/imars.ro\/index.php?rest_route=\/wp\/v2\/types\/post"}],"author":[{"embeddable":true,"href":"https:\/\/imars.ro\/index.php?rest_route=\/wp\/v2\/users\/1"}],"replies":[{"embeddable":true,"href":"https:\/\/imars.ro\/index.php?rest_route=%2Fwp%2Fv2%2Fcomments&post=245"}],"version-history":[{"count":14,"href":"https:\/\/imars.ro\/index.php?rest_route=\/wp\/v2\/posts\/245\/revisions"}],"predecessor-version":[{"id":656,"href":"https:\/\/imars.ro\/index.php?rest_route=\/wp\/v2\/posts\/245\/revisions\/656"}],"wp:featuredmedia":[{"embeddable":true,"href":"https:\/\/imars.ro\/index.php?rest_route=\/wp\/v2\/media\/314"}],"wp:attachment":[{"href":"https:\/\/imars.ro\/index.php?rest_route=%2Fwp%2Fv2%2Fmedia&parent=245"}],"wp:term":[{"taxonomy":"category","embeddable":true,"href":"https:\/\/imars.ro\/index.php?rest_route=%2Fwp%2Fv2%2Fcategories&post=245"},{"taxonomy":"post_tag","embeddable":true,"href":"https:\/\/imars.ro\/index.php?rest_route=%2Fwp%2Fv2%2Ftags&post=245"}],"curies":[{"name":"wp","href":"https:\/\/api.w.org\/{rel}","templated":true}]}}