{"id":326,"date":"2019-01-19T16:55:57","date_gmt":"2019-01-19T16:55:57","guid":{"rendered":"http:\/\/imars.ro\/?p=326"},"modified":"2019-08-26T14:35:35","modified_gmt":"2019-08-26T14:35:35","slug":"matera-italy","status":"publish","type":"post","link":"https:\/\/imars.ro\/?p=326","title":{"rendered":"Matera-O c\u0103l\u0103torie spre raiul iadului"},"content":{"rendered":"<figure id=\"attachment_331\" aria-describedby=\"caption-attachment-331\" style=\"width: 1024px\" class=\"wp-caption aligncenter\"><img loading=\"lazy\" decoding=\"async\" class=\"wp-image-331 size-large\" src=\"http:\/\/imars.ro\/wp-content\/uploads\/2019\/01\/20180928_163304-01-01-1024x768.jpeg\" alt=\"Matera_Capitala_Culturala_a_Europei\" width=\"1024\" height=\"768\"><figcaption id=\"caption-attachment-331\" class=\"wp-caption-text\"><strong><em>Matera-Capital\u0103 Cultural\u0103 a Europei<\/em><\/strong><\/figcaption><\/figure>\n<p>Destina\u021biile le alegi \u00een func\u021bie de c\u00e2t de curios e\u0219ti, except\u00e2nd partea financiar\u0103, de\u0219i se poate c\u0103l\u0103tori \u0219i cu bani pu\u021bini spre deloc. Matera nu este o destina\u021bie pentru oricine, dac\u0103 nu e\u0219ti pasionat de c\u0103l\u0103torit \u0219i curios din fire s\u0103 afli pove\u0219ti noi, nu ai de ce s\u0103 \u00ee\u021bi toce\u0219ti sneakersii doar pentru o poz\u0103 de instagram. Dac\u0103 s-ar face un abecedar cu locurile pe care trebuie s\u0103 le vizitezi \u00een Italia, Matera ar fi prima lec\u021bie pe care trebuie s-o \u00eenve\u021bi, \u00eenainte de Pompei, Roma, Vene\u021bia sau Floren\u021ba, fiind unul dintre cele mai vechi ora\u0219e populate \u00eencontinuu. Se spune c\u0103, \u00een ultimii 9000 de ani, peste 500 de genera\u021bii (aproximativ o genera\u021bie la 18 de ani, de\u0219i \u00een trecut femeile n\u0103steau \u00eenainte de a fi majore) \u0219i-au c\u0103\u0219tigat existen\u021ba cresc\u00e2nd animale \u00een aceast\u0103 zon\u0103 arid\u0103 \u0219i st\u00e2ncoas\u0103. Totu\u0219i, primele urme de via\u021b\u0103 nu dateaz\u0103 de acum 9000 de ani, s-au g\u0103sit aproape de ora\u0219, c\u0103teva oase de hominid, av\u00e2nd o vechime de peste 150.000 ani, d\u00e2nd impresia c\u0103 italianul primitiv \u00ee\u0219i are originile din aceast\u0103 zon\u0103.<\/p>\n<p><img loading=\"lazy\" decoding=\"async\" class=\"aligncenter wp-image-541 size-large\" src=\"http:\/\/imars.ro\/wp-content\/uploads\/2019\/01\/Matera_hoinareala_pe_strazi-768x1024.jpeg\" alt=\"Matera_hoinareala_pe_strazi\" width=\"768\" height=\"1024\" srcset=\"https:\/\/imars.ro\/wp-content\/uploads\/2019\/01\/Matera_hoinareala_pe_strazi.jpeg 768w, https:\/\/imars.ro\/wp-content\/uploads\/2019\/01\/Matera_hoinareala_pe_strazi-225x300.jpeg 225w, https:\/\/imars.ro\/wp-content\/uploads\/2019\/01\/Matera_hoinareala_pe_strazi-579x772.jpeg 579w, https:\/\/imars.ro\/wp-content\/uploads\/2019\/01\/Matera_hoinareala_pe_strazi-615x820.jpeg 615w, https:\/\/imars.ro\/wp-content\/uploads\/2019\/01\/Matera_hoinareala_pe_strazi-512x683.jpeg 512w\" sizes=\"auto, (max-width: 768px) 100vw, 768px\" \/><\/p>\n<p>&nbsp; &nbsp; &nbsp;C\u0103l\u0103toria spre Matera a \u00eenceput din sta\u021bia de tren de l\u00e2ng\u0103 Bari Centrale, cel mai aglomerat nod feroviar din Sudul Italiei, locul unde dac\u0103 nu \u0219tii \u00eencotro s\u0103 mergi, te urci \u00een primul tren \u0219i cu siguran\u021b\u0103 o s\u0103 descoperi cel pu\u021bin un loc minunat, popular sau mai pu\u021bin cunoscut, care o s\u0103-\u021bi r\u0103m\u00e2n\u0103 \u00eentip\u0103rit \u00een minte \u0219i poate \u0219i \u00een suflet. Trenul de\u0219i este modern, durata c\u0103l\u0103toriei este \u00een concordan\u021b\u0103 cu destina\u021bia, dureaz\u0103 parc\u0103 o eternitate din cauza opririlor lungi si dese. Cele dou\u0103 ceasuri compuse din fire de nisip refuz\u0103 s\u0103 se scurg\u0103 \u00een clepsidr\u0103, r\u0103m\u0103n\u00e2nd suspendate \u00een spa\u021biu, f\u0103c\u00e2nd loc nisipului deja scurs, s\u0103 se \u00eentoarc\u0103 \u00een starea ini\u021bial\u0103, l\u0103s\u00e2nd totodat\u0103 impresia unei \u00eentoarceri \u00een timp.&nbsp; A\u0219ezat la marginea geamului, \u00eencerc s\u0103-mi imaginez cum s\u0103 abordez loca\u021bia din punct de vedere fotografic \u0219i fac ultima verificare a echipamentului foto, constat\u00e2nd cu stupoare cum bateria \u00eenc\u0103rcat\u0103 cu o sear\u0103 \u00eenainte \u0219i-a dat duhul \u00eentr-un aparat uitat deschis peste noapte. Deodat\u0103,&nbsp; vagonul se transform\u0103 \u00eentr-o lad\u0103 frigorific\u0103, geamurile parc\u0103 se aburesesc din neant de respira\u021bia mea grea, l\u0103s\u00e2nd loc unor mici diavoli s\u0103 se preling\u0103 pe exterior, zg\u00e2riind geamul exterior cu unghiile mari si negre, atra\u0219i de g\u00e2ndurile mele \u00eentunecate, doar telefonul mobil \u00eei \u00eendep\u0103rteaz\u0103, ca ultim\u0103 solu\u021bie de back-up. Ajun\u0219i la Matera Villa Longo, suntem lua\u021bi de un autocar \u0219i du\u0219i \u00een buza targului, la sta\u021bia Matera Centrale, foarte aproape de Sassi di Matera, deoarece ultimul tronson de cale ferat\u0103 se afla \u00eenc\u0103 \u00een lucru.<\/p>\n<figure id=\"attachment_542\" aria-describedby=\"caption-attachment-542\" style=\"width: 768px\" class=\"wp-caption aligncenter\"><img loading=\"lazy\" decoding=\"async\" class=\"wp-image-542 size-large\" src=\"http:\/\/imars.ro\/wp-content\/uploads\/2019\/01\/Stradute_in_Matera_Italy-768x1024.jpeg\" alt=\"Stradute_in_Matera_Italy\" width=\"768\" height=\"1024\" srcset=\"https:\/\/imars.ro\/wp-content\/uploads\/2019\/01\/Stradute_in_Matera_Italy.jpeg 768w, https:\/\/imars.ro\/wp-content\/uploads\/2019\/01\/Stradute_in_Matera_Italy-225x300.jpeg 225w, https:\/\/imars.ro\/wp-content\/uploads\/2019\/01\/Stradute_in_Matera_Italy-579x772.jpeg 579w, https:\/\/imars.ro\/wp-content\/uploads\/2019\/01\/Stradute_in_Matera_Italy-615x820.jpeg 615w, https:\/\/imars.ro\/wp-content\/uploads\/2019\/01\/Stradute_in_Matera_Italy-512x683.jpeg 512w\" sizes=\"auto, (max-width: 768px) 100vw, 768px\" \/><figcaption id=\"caption-attachment-542\" class=\"wp-caption-text\"><strong><em>Str\u0103du\u021b\u0103 \u00een Matera<\/em><\/strong><\/figcaption><\/figure>\n<p>Drumul c\u0103tre vechiul ora\u0219 se face treptat c\u0103tre casele s\u0103pate \u00een st\u00e2nc\u0103, a\u0219ezate ca piesele unui joc de lego \u00een forma unui amfiteatru. Potecile pietruite te urc\u0103 \u0219i te coboar\u0103 printre locuin\u021bele troglodi\u021bilor, de multe ori p\u0103\u0219ind pe acoperi\u0219ul unora, acestea fiind teras\u0103 pentru altele aflate la un nivel inferior. La prima vedere, \u00ee\u021bi creeaz\u0103 impresia unui labirint c\u0103tre cazanele p\u0103m\u00e2ntului, de\u0219i doar 30% din ce se vede la suprafa\u021b\u0103 reprezint\u0103 Sassi di Matera, restul de 70% fiind ascuns \u00een subsolul ei sau \u00een grote.<\/p>\n<figure id=\"attachment_543\" aria-describedby=\"caption-attachment-543\" style=\"width: 1024px\" class=\"wp-caption aligncenter\"><img loading=\"lazy\" decoding=\"async\" class=\"wp-image-543 size-large\" src=\"http:\/\/imars.ro\/wp-content\/uploads\/2019\/01\/Matera_Italy_Sassi_di_Matera-1024x768.jpeg\" alt=\"Matera_Italy_Sassi_di_Matera\" width=\"1024\" height=\"768\" srcset=\"https:\/\/imars.ro\/wp-content\/uploads\/2019\/01\/Matera_Italy_Sassi_di_Matera.jpeg 1024w, https:\/\/imars.ro\/wp-content\/uploads\/2019\/01\/Matera_Italy_Sassi_di_Matera-300x225.jpeg 300w, https:\/\/imars.ro\/wp-content\/uploads\/2019\/01\/Matera_Italy_Sassi_di_Matera-768x576.jpeg 768w, https:\/\/imars.ro\/wp-content\/uploads\/2019\/01\/Matera_Italy_Sassi_di_Matera-579x434.jpeg 579w, https:\/\/imars.ro\/wp-content\/uploads\/2019\/01\/Matera_Italy_Sassi_di_Matera-615x461.jpeg 615w, https:\/\/imars.ro\/wp-content\/uploads\/2019\/01\/Matera_Italy_Sassi_di_Matera-800x600.jpeg 800w, https:\/\/imars.ro\/wp-content\/uploads\/2019\/01\/Matera_Italy_Sassi_di_Matera-512x384.jpeg 512w\" sizes=\"auto, (max-width: 1024px) 100vw, 1024px\" \/><figcaption id=\"caption-attachment-543\" class=\"wp-caption-text\"><strong><em>Sassi di Matera<\/em><\/strong><\/figcaption><\/figure>\n<p>Afectat\u0103 grav de s\u0103racie, \u00een secolul al-xx-lea c\u00e2nd oamenii convie\u021buiau cu propriile animale \u00een pe\u0219teri, Sassi di Matera a fost dat\u0103 uit\u0103rii \u00een anii &#8217;50 c\u00e2nd toat\u0103 popula\u021bia de aproximativ 16.000 de persoane a fost str\u0103mutat\u0103 for\u021bat \u00een noua zon\u0103 a ora\u0219ului, din cauza condi\u021biilor precare \u00een care traiau \u0219i a ratei mortalit\u0103\u021bii infantile care se apropia de 50%, majoritatea murind de malarie \u0219i dizenterie. Nu e de mirare de ce procentajul era at\u00e2t de ridicat, \u021bin\u00e2nd cont c\u0103 cimitirele le aveau pe acoperi\u0219ul bisericilor s\u0103pate \u00een st\u00e2nc\u0103, o adev\u0103rat\u0103 invazie de suflete pe durata ploilor abundente.<\/p>\n<figure id=\"attachment_544\" aria-describedby=\"caption-attachment-544\" style=\"width: 768px\" class=\"wp-caption aligncenter\"><img loading=\"lazy\" decoding=\"async\" class=\"wp-image-544 size-large\" src=\"http:\/\/imars.ro\/wp-content\/uploads\/2019\/01\/Cattedrale_di_Santa_Maria_della_Bruna_e_di_Sant_Eustachio-768x1024.jpeg\" alt=\"Cattedrale_di_Santa_Maria_della_Bruna_e_di_Sant_Eustachio\" width=\"768\" height=\"1024\" srcset=\"https:\/\/imars.ro\/wp-content\/uploads\/2019\/01\/Cattedrale_di_Santa_Maria_della_Bruna_e_di_Sant_Eustachio.jpeg 768w, https:\/\/imars.ro\/wp-content\/uploads\/2019\/01\/Cattedrale_di_Santa_Maria_della_Bruna_e_di_Sant_Eustachio-225x300.jpeg 225w, https:\/\/imars.ro\/wp-content\/uploads\/2019\/01\/Cattedrale_di_Santa_Maria_della_Bruna_e_di_Sant_Eustachio-579x772.jpeg 579w, https:\/\/imars.ro\/wp-content\/uploads\/2019\/01\/Cattedrale_di_Santa_Maria_della_Bruna_e_di_Sant_Eustachio-615x820.jpeg 615w, https:\/\/imars.ro\/wp-content\/uploads\/2019\/01\/Cattedrale_di_Santa_Maria_della_Bruna_e_di_Sant_Eustachio-512x683.jpeg 512w\" sizes=\"auto, (max-width: 768px) 100vw, 768px\" \/><figcaption id=\"caption-attachment-544\" class=\"wp-caption-text\"><strong><em>Cattedrale di Santa Maria della Bruna e di Sant&#8217;Eustachio<\/em><\/strong><\/figcaption><\/figure>\n<p>Dup\u0103 c\u0103teva decenii de uitare, Sassi di Matera a fost introdus \u00een Patrimoniul UNESCO \u00een anul 1993, iar locuin\u021bele au \u00eenceput s\u0103 fie restaurate una c\u00e2te una, transform\u00e2ndu-le \u00een muzee, cafenele, restaurante sau chiar B&amp;B-uri. Bisericile acoperite cu fresce bizantine \u0219i-au p\u0103strat \u00eenc\u0103 originalitatea.<br>Cu siguran\u021b\u0103 numarul turi\u0219tilor o s\u0103 fie in cre\u0219tere anul acesta, fiind Capitala Cultural\u0103 a Europei \u00eempreuna cu Plovdiv.<\/p>\n<p><img loading=\"lazy\" decoding=\"async\" class=\"size-large wp-image-545 aligncenter\" src=\"http:\/\/imars.ro\/wp-content\/uploads\/2019\/01\/Matera_Italia_wallpaper-768x1024.jpeg\" alt=\"\" width=\"768\" height=\"1024\" srcset=\"https:\/\/imars.ro\/wp-content\/uploads\/2019\/01\/Matera_Italia_wallpaper.jpeg 768w, https:\/\/imars.ro\/wp-content\/uploads\/2019\/01\/Matera_Italia_wallpaper-225x300.jpeg 225w, https:\/\/imars.ro\/wp-content\/uploads\/2019\/01\/Matera_Italia_wallpaper-579x772.jpeg 579w, https:\/\/imars.ro\/wp-content\/uploads\/2019\/01\/Matera_Italia_wallpaper-615x820.jpeg 615w, https:\/\/imars.ro\/wp-content\/uploads\/2019\/01\/Matera_Italia_wallpaper-512x683.jpeg 512w\" sizes=\"auto, (max-width: 768px) 100vw, 768px\" \/><\/p>\n<p><img loading=\"lazy\" decoding=\"async\" class=\"aligncenter wp-image-546 size-large\" src=\"http:\/\/imars.ro\/wp-content\/uploads\/2019\/01\/Matera_Italia_Italy_flori-768x1024.jpeg\" alt=\"Basilicata Matera sassi di Matera si flori\" width=\"768\" height=\"1024\" srcset=\"https:\/\/imars.ro\/wp-content\/uploads\/2019\/01\/Matera_Italia_Italy_flori.jpeg 768w, https:\/\/imars.ro\/wp-content\/uploads\/2019\/01\/Matera_Italia_Italy_flori-225x300.jpeg 225w, https:\/\/imars.ro\/wp-content\/uploads\/2019\/01\/Matera_Italia_Italy_flori-579x772.jpeg 579w, https:\/\/imars.ro\/wp-content\/uploads\/2019\/01\/Matera_Italia_Italy_flori-615x820.jpeg 615w, https:\/\/imars.ro\/wp-content\/uploads\/2019\/01\/Matera_Italia_Italy_flori-512x683.jpeg 512w\" sizes=\"auto, (max-width: 768px) 100vw, 768px\" \/><\/p>\n<p><img loading=\"lazy\" decoding=\"async\" class=\"aligncenter wp-image-547 size-large\" src=\"http:\/\/imars.ro\/wp-content\/uploads\/2019\/01\/Matera_Italia_Italy_Strada_cu_flori-768x1024.jpeg\" alt=\"old houses in Sassi di Matera and flowers\" width=\"768\" height=\"1024\" srcset=\"https:\/\/imars.ro\/wp-content\/uploads\/2019\/01\/Matera_Italia_Italy_Strada_cu_flori.jpeg 768w, https:\/\/imars.ro\/wp-content\/uploads\/2019\/01\/Matera_Italia_Italy_Strada_cu_flori-225x300.jpeg 225w, https:\/\/imars.ro\/wp-content\/uploads\/2019\/01\/Matera_Italia_Italy_Strada_cu_flori-579x772.jpeg 579w, https:\/\/imars.ro\/wp-content\/uploads\/2019\/01\/Matera_Italia_Italy_Strada_cu_flori-615x820.jpeg 615w, https:\/\/imars.ro\/wp-content\/uploads\/2019\/01\/Matera_Italia_Italy_Strada_cu_flori-512x683.jpeg 512w\" sizes=\"auto, (max-width: 768px) 100vw, 768px\" \/><\/p>\n<p><figure id=\"attachment_548\" aria-describedby=\"caption-attachment-548\" style=\"width: 768px\" class=\"wp-caption aligncenter\"><img loading=\"lazy\" decoding=\"async\" class=\"wp-image-548 size-large\" src=\"http:\/\/imars.ro\/wp-content\/uploads\/2019\/01\/Matera_Italy_Italia_Arhitectura-768x1024.jpeg\" alt=\"Basilicata Sassi di Matera best instagrammable place \" width=\"768\" height=\"1024\" srcset=\"https:\/\/imars.ro\/wp-content\/uploads\/2019\/01\/Matera_Italy_Italia_Arhitectura.jpeg 768w, https:\/\/imars.ro\/wp-content\/uploads\/2019\/01\/Matera_Italy_Italia_Arhitectura-225x300.jpeg 225w, https:\/\/imars.ro\/wp-content\/uploads\/2019\/01\/Matera_Italy_Italia_Arhitectura-579x772.jpeg 579w, https:\/\/imars.ro\/wp-content\/uploads\/2019\/01\/Matera_Italy_Italia_Arhitectura-615x820.jpeg 615w, https:\/\/imars.ro\/wp-content\/uploads\/2019\/01\/Matera_Italy_Italia_Arhitectura-512x683.jpeg 512w\" sizes=\"auto, (max-width: 768px) 100vw, 768px\" \/><figcaption id=\"caption-attachment-548\" class=\"wp-caption-text\"><strong><em>Layers of Sassi di Matera<\/em><\/strong><\/figcaption><\/figure><br>\n<figure id=\"attachment_549\" aria-describedby=\"caption-attachment-549\" style=\"width: 1024px\" class=\"wp-caption aligncenter\"><img loading=\"lazy\" decoding=\"async\" class=\"wp-image-549 size-large\" src=\"http:\/\/imars.ro\/wp-content\/uploads\/2019\/01\/Matera_Sassi_di_Matera_wallpaper-1024x768.jpeg\" alt=\"sunset in Basilicata Matera sassi di Matera\" width=\"1024\" height=\"768\" srcset=\"https:\/\/imars.ro\/wp-content\/uploads\/2019\/01\/Matera_Sassi_di_Matera_wallpaper.jpeg 1024w, https:\/\/imars.ro\/wp-content\/uploads\/2019\/01\/Matera_Sassi_di_Matera_wallpaper-300x225.jpeg 300w, https:\/\/imars.ro\/wp-content\/uploads\/2019\/01\/Matera_Sassi_di_Matera_wallpaper-768x576.jpeg 768w, https:\/\/imars.ro\/wp-content\/uploads\/2019\/01\/Matera_Sassi_di_Matera_wallpaper-579x434.jpeg 579w, https:\/\/imars.ro\/wp-content\/uploads\/2019\/01\/Matera_Sassi_di_Matera_wallpaper-615x461.jpeg 615w, https:\/\/imars.ro\/wp-content\/uploads\/2019\/01\/Matera_Sassi_di_Matera_wallpaper-800x600.jpeg 800w, https:\/\/imars.ro\/wp-content\/uploads\/2019\/01\/Matera_Sassi_di_Matera_wallpaper-512x384.jpeg 512w\" sizes=\"auto, (max-width: 1024px) 100vw, 1024px\" \/><figcaption id=\"caption-attachment-549\" class=\"wp-caption-text\"><strong><em>Sassi di Matera<\/em><\/strong><\/figcaption><\/figure><\/p>\n<p><img loading=\"lazy\" decoding=\"async\" class=\"aligncenter wp-image-550 size-large\" src=\"http:\/\/imars.ro\/wp-content\/uploads\/2019\/01\/Matera_Sassi_di_Matera_transport-768x1024.jpeg\" alt=\"Transport tourists in Matera Basilicata\" width=\"768\" height=\"1024\" srcset=\"https:\/\/imars.ro\/wp-content\/uploads\/2019\/01\/Matera_Sassi_di_Matera_transport.jpeg 768w, https:\/\/imars.ro\/wp-content\/uploads\/2019\/01\/Matera_Sassi_di_Matera_transport-225x300.jpeg 225w, https:\/\/imars.ro\/wp-content\/uploads\/2019\/01\/Matera_Sassi_di_Matera_transport-579x772.jpeg 579w, https:\/\/imars.ro\/wp-content\/uploads\/2019\/01\/Matera_Sassi_di_Matera_transport-615x820.jpeg 615w, https:\/\/imars.ro\/wp-content\/uploads\/2019\/01\/Matera_Sassi_di_Matera_transport-512x683.jpeg 512w\" sizes=\"auto, (max-width: 768px) 100vw, 768px\" \/><\/p>\n\n\n<p class=\"wp-block-paragraph\"><\/p>\n","protected":false},"excerpt":{"rendered":"<p>Destina\u021biile le alegi \u00een func\u021bie de c\u00e2t de curios e\u0219ti, except\u00e2nd partea financiar\u0103, de\u0219i se poate c\u0103l\u0103tori \u0219i cu bani pu\u021bini spre deloc. Matera nu este o destina\u021bie pentru oricine, dac\u0103 nu e\u0219ti pasionat de c\u0103l\u0103torit \u0219i curios din fire s\u0103 afli pove\u0219ti noi, nu ai de ce s\u0103 \u00ee\u021bi &hellip;<\/p>\n","protected":false},"author":1,"featured_media":331,"comment_status":"open","ping_status":"open","sticky":false,"template":"","format":"standard","meta":{"footnotes":""},"categories":[6],"tags":[15,16,17],"class_list":["post-326","post","type-post","status-publish","format-standard","has-post-thumbnail","hentry","category-travel","tag-capitala-europeana","tag-locuri-mai-putin-vizitate","tag-matera"],"_links":{"self":[{"href":"https:\/\/imars.ro\/index.php?rest_route=\/wp\/v2\/posts\/326","targetHints":{"allow":["GET"]}}],"collection":[{"href":"https:\/\/imars.ro\/index.php?rest_route=\/wp\/v2\/posts"}],"about":[{"href":"https:\/\/imars.ro\/index.php?rest_route=\/wp\/v2\/types\/post"}],"author":[{"embeddable":true,"href":"https:\/\/imars.ro\/index.php?rest_route=\/wp\/v2\/users\/1"}],"replies":[{"embeddable":true,"href":"https:\/\/imars.ro\/index.php?rest_route=%2Fwp%2Fv2%2Fcomments&post=326"}],"version-history":[{"count":13,"href":"https:\/\/imars.ro\/index.php?rest_route=\/wp\/v2\/posts\/326\/revisions"}],"predecessor-version":[{"id":655,"href":"https:\/\/imars.ro\/index.php?rest_route=\/wp\/v2\/posts\/326\/revisions\/655"}],"wp:featuredmedia":[{"embeddable":true,"href":"https:\/\/imars.ro\/index.php?rest_route=\/wp\/v2\/media\/331"}],"wp:attachment":[{"href":"https:\/\/imars.ro\/index.php?rest_route=%2Fwp%2Fv2%2Fmedia&parent=326"}],"wp:term":[{"taxonomy":"category","embeddable":true,"href":"https:\/\/imars.ro\/index.php?rest_route=%2Fwp%2Fv2%2Fcategories&post=326"},{"taxonomy":"post_tag","embeddable":true,"href":"https:\/\/imars.ro\/index.php?rest_route=%2Fwp%2Fv2%2Ftags&post=326"}],"curies":[{"name":"wp","href":"https:\/\/api.w.org\/{rel}","templated":true}]}}