{"id":447,"date":"2019-03-18T18:46:43","date_gmt":"2019-03-18T18:46:43","guid":{"rendered":"http:\/\/imars.ro\/?p=447"},"modified":"2019-08-26T14:34:26","modified_gmt":"2019-08-26T14:34:26","slug":"marsilia-marseille-sentimente-amestecate","status":"publish","type":"post","link":"https:\/\/imars.ro\/?p=447","title":{"rendered":"Marsilia (Marseille) -Sentimente amestecate."},"content":{"rendered":"<p><\/p>\n<p><img loading=\"lazy\" decoding=\"async\" class=\"aligncenter wp-image-516 size-large\" src=\"http:\/\/imars.ro\/wp-content\/uploads\/2019\/03\/Marsilia-port-vas-683x1024.jpg\" alt=\"Marsilia-port-vas\" width=\"683\" height=\"1024\" srcset=\"https:\/\/imars.ro\/wp-content\/uploads\/2019\/03\/Marsilia-port-vas-683x1024.jpg 683w, https:\/\/imars.ro\/wp-content\/uploads\/2019\/03\/Marsilia-port-vas-200x300.jpg 200w, https:\/\/imars.ro\/wp-content\/uploads\/2019\/03\/Marsilia-port-vas-768x1152.jpg 768w, https:\/\/imars.ro\/wp-content\/uploads\/2019\/03\/Marsilia-port-vas-579x869.jpg 579w, https:\/\/imars.ro\/wp-content\/uploads\/2019\/03\/Marsilia-port-vas-615x923.jpg 615w, https:\/\/imars.ro\/wp-content\/uploads\/2019\/03\/Marsilia-port-vas.jpg 800w, https:\/\/imars.ro\/wp-content\/uploads\/2019\/03\/Marsilia-port-vas-512x768.jpg 512w\" sizes=\"auto, (max-width: 683px) 100vw, 683px\" \/><\/p>\n<p><\/p>\n<p>Nu-mi place sa\u0306 trag concluzii pripite dupa\u0306 doar o singura\u0306 zi rata\u0306cita\u0306 pe stra\u0306zile din Marsilia, \u00eensa\u0306 un lucru e cert,&nbsp; nu e o destinat\u0326ie pentru cei rasis\u0326ti sau cu capul \u00een nori. As\u0326teapta\u0306-te sa\u0306 ga\u0306ses\u0326ti toate nat\u0326iile de oameni s\u0326i toate culorile, cu preponderent\u0326a\u0306 culoarea negra\u0306 bate la ochi, iar daca\u0306 nu esti atent, bate s\u0326i la buzunar. \u00cenca\u0306 de la primul pas \u00een gara\u0306 realizezi ca\u0306, este un oras\u0326 al imigrant\u0326ilor, care tra\u0306iesc dupa\u0306 ritualurile lor s\u0326i pot fi periculos\u0326i atunci c\u00e2nd sunt \u00een gas\u0326ca\u0306. Conat\u0326ionalii sunt prezent\u0326i s\u0326i ei \u00een punctele strategice, dar sunt respectuos\u0326i dupa\u0306 ce aud ca\u0306 es\u0326ti rom\u00e2n. Am observat acest aspect doar dupa\u0306 ce am fost acostat de o femeie \u00een gara\u0306, cer\u00e2ndu-mi \u00een franceza\u0306 ceva &#8220;argent&#8221;, dar gesturile s\u0326i t\u0326inuta o da\u0306deau de gol, as\u0326adar i-am ra\u0306spuns \u00een rom\u00e2nes\u0326te &#8220;Za\u0306u daca\u0306 am!\u201d. Pentru doua\u0306 secunde nu a schit\u0326at nimic, as\u0326a ca\u0306 a derulat banda de la capa\u0306t s\u0326i s-a apucat sa\u0306-mi repete povestea p\u00e2na\u0306 a realizat ce am spus. S-a oprit din turuit s\u0326i am auzit-o: &#8221; -Aaaa, es\u0326ti <em>\u201c<\/em><em>rum\u00e2n<\/em><em>\u201d<\/em>, iarta\u0306-ma\u0306!\u201d. De aceasta\u0306 data\u0306,&nbsp; am ra\u0306mas eu surprins de profesionalism, pa\u0306r\u00e2ndu-mi ca\u0306 au s\u0326i ei m\u00e2ndria lor.<\/p>\n<p>\u00cenca\u0306 de acum 2600 de ani, \u00eentregul oras\u0326 a depins de port, Marsilia fiind cel cel mai mare port comercial<br>al Frant\u0326ei aduc\u00e2nd cu sine s\u0326i pa\u0306rt\u0326i bune, dar s\u0326i pa\u0306rt\u0326i nepla\u0306cute. Se cunoas\u0326te faptul ca\u0306, pe mare se transporta\u0306 cele mai multe produse de contrabanda\u0306, iar produsele vin str\u00e2ns legate de contrabandis\u0326ti, care nu sunt cele mai pla\u0306cute persoane. Pe l\u00e2nga\u0306 aces\u0326tia, un numa\u0306r mare de imigrant\u0326i din fostele colonii franceze, s-au stabilit \u00een Marsilia din dorint\u0326a de a duce o viat\u0326a\u0306 mai buna\u0306. Puse cap la cap, se \u00eent\u0326elege de ce gradul de infract\u0326ionalitate este foarte ridicat (se poate verifica <a href=\"https:\/\/www.numbeo.com\/crime\/in\/Marseille\"><strong>aici<\/strong><\/a> pentru fiecare oras\u0326 \u00een parte).<\/p>\n<p>Cel mai cunoscut punct de interes \u00een Marsilia este Vechiul Port (<a href=\"https:\/\/www.google.com\/maps\/place\/Old+Port+of+Marseille\/@43.2944643,5.3557599,15z\/data=!3m1!4b1!4m5!3m4!1s0x12c9c0c6a1843729:0x7d3f3acf189dc3b1!8m2!3d43.2944646!4d5.3645147\"><strong>Vieux Port<\/strong><\/a>) care a fost reconstruit dupa\u0306 distrugerile pe care le-a suferit \u00een al II-lea Ra\u0306zboi Mondial. Asta\u0306zi, mai acosteaza\u0306 aici doar ca\u0306teva curse turistice spre insulele din apropiere s\u0326i yachturile private. Portul este \u00eenconjurat de hoteluri, cafenele de lux s\u0326i este principala zona\u0306 de unde pot\u0326i pleca \u00een vizitarea \u00eentregului oras\u0326. Tot din port pot\u0326i lua trenulet\u0326ul turistic spre Notre Dame de la Garde sau autobuzul 60, \u00een funct\u0326ie de bugetul pe care \u00eel ai. Exista\u0306 chiar serviciul de ride sharing de trotinete electrice pe care \u00eel pot\u0326i folosi \u00een vizitarea oras\u0326ului.<\/p>\n<p><\/p>\n<p><figure id=\"attachment_517\" aria-describedby=\"caption-attachment-517\" style=\"width: 1024px\" class=\"wp-caption aligncenter\"><img loading=\"lazy\" decoding=\"async\" class=\"wp-image-517 size-large\" src=\"http:\/\/imars.ro\/wp-content\/uploads\/2019\/03\/Marsilia-lime-trotineta-electrica-1024x683.jpg\" alt=\"Marsilia-lime-trotineta-electrica\" width=\"1024\" height=\"683\" srcset=\"https:\/\/imars.ro\/wp-content\/uploads\/2019\/03\/Marsilia-lime-trotineta-electrica.jpg 1024w, https:\/\/imars.ro\/wp-content\/uploads\/2019\/03\/Marsilia-lime-trotineta-electrica-300x200.jpg 300w, https:\/\/imars.ro\/wp-content\/uploads\/2019\/03\/Marsilia-lime-trotineta-electrica-768x512.jpg 768w, https:\/\/imars.ro\/wp-content\/uploads\/2019\/03\/Marsilia-lime-trotineta-electrica-579x386.jpg 579w, https:\/\/imars.ro\/wp-content\/uploads\/2019\/03\/Marsilia-lime-trotineta-electrica-615x410.jpg 615w, https:\/\/imars.ro\/wp-content\/uploads\/2019\/03\/Marsilia-lime-trotineta-electrica-800x534.jpg 800w, https:\/\/imars.ro\/wp-content\/uploads\/2019\/03\/Marsilia-lime-trotineta-electrica-512x342.jpg 512w\" sizes=\"auto, (max-width: 1024px) 100vw, 1024px\" \/><figcaption id=\"caption-attachment-517\" class=\"wp-caption-text\"><em><strong>Lime<\/strong><\/em><\/figcaption><\/figure><br>\n<figure id=\"attachment_518\" aria-describedby=\"caption-attachment-518\" style=\"width: 1024px\" class=\"wp-caption aligncenter\"><img loading=\"lazy\" decoding=\"async\" class=\"wp-image-518 size-large\" src=\"http:\/\/imars.ro\/wp-content\/uploads\/2019\/03\/Marsilia-apus-in-vieux-port-1024x683.jpg\" alt=\"Marsilia-apus-in-vieux-port\" width=\"1024\" height=\"683\" srcset=\"https:\/\/imars.ro\/wp-content\/uploads\/2019\/03\/Marsilia-apus-in-vieux-port.jpg 1024w, https:\/\/imars.ro\/wp-content\/uploads\/2019\/03\/Marsilia-apus-in-vieux-port-300x200.jpg 300w, https:\/\/imars.ro\/wp-content\/uploads\/2019\/03\/Marsilia-apus-in-vieux-port-768x512.jpg 768w, https:\/\/imars.ro\/wp-content\/uploads\/2019\/03\/Marsilia-apus-in-vieux-port-579x386.jpg 579w, https:\/\/imars.ro\/wp-content\/uploads\/2019\/03\/Marsilia-apus-in-vieux-port-615x410.jpg 615w, https:\/\/imars.ro\/wp-content\/uploads\/2019\/03\/Marsilia-apus-in-vieux-port-800x534.jpg 800w, https:\/\/imars.ro\/wp-content\/uploads\/2019\/03\/Marsilia-apus-in-vieux-port-512x342.jpg 512w\" sizes=\"auto, (max-width: 1024px) 100vw, 1024px\" \/><figcaption id=\"caption-attachment-518\" class=\"wp-caption-text\"><em><strong>Vieux Port<\/strong><\/em><\/figcaption><\/figure><\/p>\n<p>Cea mai cunoscuta\u0306 basilica\u0306 este <a href=\"https:\/\/www.google.com\/maps\/place\/Basilique+Notre-Dame+de+la+Garde\/@43.2839533,5.3712377,15z\/data=!4m5!3m4!1s0x0:0x89254f95b5ee2ded!8m2!3d43.2839533!4d5.3712377\"><strong>Notre Dame de la Garde<\/strong><\/a> care se \u00eenalt\u0326a\u0306 \u00een v\u00e2rful dealului s\u0326i vegheaza\u0306 \u00eentregul oras\u0326, precum ochiul lui Sauron. E cel mai bun loc de unde \u00eet\u0326i pot\u0326i planifica \u00eentreaga ca\u0306la\u0306toriei, av\u00e2nd o privire de ansamblu asupra Marsiliei. Ar mai fi de notat- not &#8211; &nbsp;cafeneaua L&#8217;eau Vive situata\u0306 \u00een interiorul basilicii unde lucreaza\u0306 ca\u0306luga\u0306rit\u0326e din \u00eentrega lume. Locat\u0326ia se aseama\u0306na\u0306 cu un bufet de pe timpul comunis\u0326tilor, iar m\u00e2ncarea nu este gustoasa\u0306.<\/p>\n<figure id=\"attachment_519\" aria-describedby=\"caption-attachment-519\" style=\"width: 683px\" class=\"wp-caption aligncenter\"><img loading=\"lazy\" decoding=\"async\" class=\"wp-image-519 size-large\" src=\"http:\/\/imars.ro\/wp-content\/uploads\/2019\/03\/Marsilia-Notre-Dame-de-la-Garde-683x1024.jpg\" alt=\"Marsilia-Notre Dame-de-la-Garde\" width=\"683\" height=\"1024\" srcset=\"https:\/\/imars.ro\/wp-content\/uploads\/2019\/03\/Marsilia-Notre-Dame-de-la-Garde-683x1024.jpg 683w, https:\/\/imars.ro\/wp-content\/uploads\/2019\/03\/Marsilia-Notre-Dame-de-la-Garde-200x300.jpg 200w, https:\/\/imars.ro\/wp-content\/uploads\/2019\/03\/Marsilia-Notre-Dame-de-la-Garde-768x1152.jpg 768w, https:\/\/imars.ro\/wp-content\/uploads\/2019\/03\/Marsilia-Notre-Dame-de-la-Garde-579x869.jpg 579w, https:\/\/imars.ro\/wp-content\/uploads\/2019\/03\/Marsilia-Notre-Dame-de-la-Garde-615x923.jpg 615w, https:\/\/imars.ro\/wp-content\/uploads\/2019\/03\/Marsilia-Notre-Dame-de-la-Garde.jpg 800w, https:\/\/imars.ro\/wp-content\/uploads\/2019\/03\/Marsilia-Notre-Dame-de-la-Garde-512x768.jpg 512w\" sizes=\"auto, (max-width: 683px) 100vw, 683px\" \/><figcaption id=\"caption-attachment-519\" class=\"wp-caption-text\"><em><strong>Notre Dame de la Garde <\/strong><\/em><\/figcaption><\/figure>\n<p><a href=\"https:\/\/en.wikipedia.org\/wiki\/Ch%C3%A2teau_d%27If\"><strong>Chateau D&#8217;If<\/strong> <\/a>sau \u00eenchisoarea Alcatraz a Frant\u0326ei devenita\u0306 faimoasa\u0306 dupa\u0306 publicarea romanului Contele de Monte Cristo. Excursiile spre insula\u0306 se fac doar daca\u0306 vremea este favorabila\u0306 s\u0326i dureaza\u0306 aproximativ 30 de minute contra sumei de 11 euro.<\/p>\n<figure id=\"attachment_520\" aria-describedby=\"caption-attachment-520\" style=\"width: 683px\" class=\"wp-caption aligncenter\"><img loading=\"lazy\" decoding=\"async\" class=\"wp-image-520 size-large\" src=\"http:\/\/imars.ro\/wp-content\/uploads\/2019\/03\/wallpaper-Marseille-cel-mai-frumos-loc-in-Marsilia-683x1024.jpg\" alt=\"wallpaper- Marseille-cel-mai-frumos-loc-in-Marsilia\" width=\"683\" height=\"1024\" srcset=\"https:\/\/imars.ro\/wp-content\/uploads\/2019\/03\/wallpaper-Marseille-cel-mai-frumos-loc-in-Marsilia-683x1024.jpg 683w, https:\/\/imars.ro\/wp-content\/uploads\/2019\/03\/wallpaper-Marseille-cel-mai-frumos-loc-in-Marsilia-200x300.jpg 200w, https:\/\/imars.ro\/wp-content\/uploads\/2019\/03\/wallpaper-Marseille-cel-mai-frumos-loc-in-Marsilia-768x1152.jpg 768w, https:\/\/imars.ro\/wp-content\/uploads\/2019\/03\/wallpaper-Marseille-cel-mai-frumos-loc-in-Marsilia-579x869.jpg 579w, https:\/\/imars.ro\/wp-content\/uploads\/2019\/03\/wallpaper-Marseille-cel-mai-frumos-loc-in-Marsilia-615x923.jpg 615w, https:\/\/imars.ro\/wp-content\/uploads\/2019\/03\/wallpaper-Marseille-cel-mai-frumos-loc-in-Marsilia.jpg 800w, https:\/\/imars.ro\/wp-content\/uploads\/2019\/03\/wallpaper-Marseille-cel-mai-frumos-loc-in-Marsilia-512x768.jpg 512w\" sizes=\"auto, (max-width: 683px) 100vw, 683px\" \/><figcaption id=\"caption-attachment-520\" class=\"wp-caption-text\"><em><strong>Chateau D&#8217;If <\/strong><\/em><\/figcaption><\/figure>\n<p>Aproape de Portul Vechi, se situeaza\u0306 <strong>Catedrala Marsiliei<\/strong> (<a href=\"https:\/\/www.google.com\/maps\/place\/Cath%C3%A9drale+La+Major\/@43.2999924,5.3648684,15z\/data=!4m2!3m1!1s0x0:0x4521d38d5f06d856?ved=2ahUKEwixkPmoqozhAhWR-aQKHfpxAFQQ_BIwF3oECAYQCA\"><strong>Cath\u00e9drale la Major<\/strong><\/a>) pe care sigur o s-o \u00eent\u00e2lnes\u0326ti s\u0326i fa\u0306ra\u0306 s-o caut\u0326i, datorita\u0306 aspectului ei dungat.<\/p>\n<p><\/p>\n<figure id=\"attachment_521\" aria-describedby=\"caption-attachment-521\" style=\"width: 683px\" class=\"wp-caption aligncenter\"><img loading=\"lazy\" decoding=\"async\" class=\"wp-image-521 size-large\" src=\"http:\/\/imars.ro\/wp-content\/uploads\/2019\/03\/Marsilia-Marseille-Cath\u00e9drale-la-Major-wallpaper-683x1024.jpg\" alt=\"Marsilia-Marseille-Cath\u00e9drale-la-Major-wallpaper\" width=\"683\" height=\"1024\" srcset=\"https:\/\/imars.ro\/wp-content\/uploads\/2019\/03\/Marsilia-Marseille-Cath\u00e9drale-la-Major-wallpaper-683x1024.jpg 683w, https:\/\/imars.ro\/wp-content\/uploads\/2019\/03\/Marsilia-Marseille-Cath\u00e9drale-la-Major-wallpaper-200x300.jpg 200w, https:\/\/imars.ro\/wp-content\/uploads\/2019\/03\/Marsilia-Marseille-Cath\u00e9drale-la-Major-wallpaper-768x1152.jpg 768w, https:\/\/imars.ro\/wp-content\/uploads\/2019\/03\/Marsilia-Marseille-Cath\u00e9drale-la-Major-wallpaper-579x869.jpg 579w, https:\/\/imars.ro\/wp-content\/uploads\/2019\/03\/Marsilia-Marseille-Cath\u00e9drale-la-Major-wallpaper-615x923.jpg 615w, https:\/\/imars.ro\/wp-content\/uploads\/2019\/03\/Marsilia-Marseille-Cath\u00e9drale-la-Major-wallpaper.jpg 800w, https:\/\/imars.ro\/wp-content\/uploads\/2019\/03\/Marsilia-Marseille-Cath\u00e9drale-la-Major-wallpaper-512x768.jpg 512w\" sizes=\"auto, (max-width: 683px) 100vw, 683px\" \/><figcaption id=\"caption-attachment-521\" class=\"wp-caption-text\"><em><strong>Cath\u00e9drale la Major<\/strong><\/em><\/figcaption><\/figure>\n<p>La capitolul muzee, oras\u0326ul nu sta\u0306 ra\u0306u deloc.<br><a href=\"http:\/\/culture.marseille.fr\/les-musees-de-marseille\/musee-d-archeologie-mediterraneenne\"><strong>Muzeul de arheologie mediteraneana\u0306<\/strong><\/a> a fost punctul de interes pe care nu as\u0326 fi vrut sa\u0306-l ratez \u00een Marsilia. Muzeul det\u0326ine cea mai importanta\u0306 colect\u0326ie egipteana\u0306 de artefacte, dupa\u0306 Luvru, bine\u00eent\u0326eles. Doream sa\u0306 va\u0306d de ceva timp sarcofage s\u0326i mumii, ba chiar am vrut sa merg la colect\u0326ia expusa\u0306 de la Biblioteca Nat\u0326ionala\u0306 din Bucures\u0326ti, dar am aflat ca\u0306 erau replici ieftine, as\u0326a ca\u0306 am renunt\u0326at. Muzeul se \u00eentinde pe doua\u0306 niveluri, la etajul 1 este expusa\u0306 colect\u0326ia culturii Mediteraneene care include exponatele din Egipt, iar la etajul al doilea se ga\u0306sesc colect\u0326ii din Africa, Oceania s\u0326i America Latina\u0306. Din pa\u0306cate nu exista\u0306 explicat\u0326ii \u00een alta\u0306 limba\u0306, \u00een afara\u0306 de franceza\u0306, iar cei care supravegheaza\u0306 vorbesc doar franceza. Pret\u0326ul biletului este de 6 euro de persoana\u0306, iar \u00een prima duminica\u0306 a fiecarei luni, accesul este gratuit.<\/p>\n<p><\/p>\n<figure id=\"attachment_522\" aria-describedby=\"caption-attachment-522\" style=\"width: 1024px\" class=\"wp-caption aligncenter\"><img loading=\"lazy\" decoding=\"async\" class=\"wp-image-522 size-large\" src=\"http:\/\/imars.ro\/wp-content\/uploads\/2019\/03\/Marsilia-Marseille-Centre-de-la-Vieille-Charit\u00e9-Muzeul-de-Arheologie-1024x683.jpeg\" alt=\"Marsilia-Marseille-Centre de-la-Vieille-Charit\u00e9-Muzeul-de-Arheologie\" width=\"1024\" height=\"683\" srcset=\"https:\/\/imars.ro\/wp-content\/uploads\/2019\/03\/Marsilia-Marseille-Centre-de-la-Vieille-Charit\u00e9-Muzeul-de-Arheologie.jpeg 1024w, https:\/\/imars.ro\/wp-content\/uploads\/2019\/03\/Marsilia-Marseille-Centre-de-la-Vieille-Charit\u00e9-Muzeul-de-Arheologie-300x200.jpeg 300w, https:\/\/imars.ro\/wp-content\/uploads\/2019\/03\/Marsilia-Marseille-Centre-de-la-Vieille-Charit\u00e9-Muzeul-de-Arheologie-768x512.jpeg 768w, https:\/\/imars.ro\/wp-content\/uploads\/2019\/03\/Marsilia-Marseille-Centre-de-la-Vieille-Charit\u00e9-Muzeul-de-Arheologie-579x386.jpeg 579w, https:\/\/imars.ro\/wp-content\/uploads\/2019\/03\/Marsilia-Marseille-Centre-de-la-Vieille-Charit\u00e9-Muzeul-de-Arheologie-615x410.jpeg 615w, https:\/\/imars.ro\/wp-content\/uploads\/2019\/03\/Marsilia-Marseille-Centre-de-la-Vieille-Charit\u00e9-Muzeul-de-Arheologie-800x534.jpeg 800w, https:\/\/imars.ro\/wp-content\/uploads\/2019\/03\/Marsilia-Marseille-Centre-de-la-Vieille-Charit\u00e9-Muzeul-de-Arheologie-512x342.jpeg 512w\" sizes=\"auto, (max-width: 1024px) 100vw, 1024px\" \/><figcaption id=\"caption-attachment-522\" class=\"wp-caption-text\"><em><strong>Centre de la Vieille Charit\u00e9<\/strong><\/em><\/figcaption><\/figure>\n<p><\/p>\n<figure id=\"attachment_523\" aria-describedby=\"caption-attachment-523\" style=\"width: 768px\" class=\"wp-caption aligncenter\"><img loading=\"lazy\" decoding=\"async\" class=\"wp-image-523 size-large\" src=\"http:\/\/imars.ro\/wp-content\/uploads\/2019\/03\/Marsilia-Marseille-Muzeul-de-arheologie-mumie-sarcofag-768x1024.jpg\" alt=\"Marsilia-Marseille-Muzeul-de-arheologie-mumie-sarcofag\" width=\"768\" height=\"1024\" srcset=\"https:\/\/imars.ro\/wp-content\/uploads\/2019\/03\/Marsilia-Marseille-Muzeul-de-arheologie-mumie-sarcofag-768x1024.jpg 768w, https:\/\/imars.ro\/wp-content\/uploads\/2019\/03\/Marsilia-Marseille-Muzeul-de-arheologie-mumie-sarcofag-225x300.jpg 225w, https:\/\/imars.ro\/wp-content\/uploads\/2019\/03\/Marsilia-Marseille-Muzeul-de-arheologie-mumie-sarcofag-579x772.jpg 579w, https:\/\/imars.ro\/wp-content\/uploads\/2019\/03\/Marsilia-Marseille-Muzeul-de-arheologie-mumie-sarcofag-615x820.jpg 615w, https:\/\/imars.ro\/wp-content\/uploads\/2019\/03\/Marsilia-Marseille-Muzeul-de-arheologie-mumie-sarcofag.jpg 800w, https:\/\/imars.ro\/wp-content\/uploads\/2019\/03\/Marsilia-Marseille-Muzeul-de-arheologie-mumie-sarcofag-512x683.jpg 512w\" sizes=\"auto, (max-width: 768px) 100vw, 768px\" \/><figcaption id=\"caption-attachment-523\" class=\"wp-caption-text\"><em><strong>Sarcofag<\/strong><\/em><\/figcaption><\/figure>\n<figure id=\"attachment_524\" aria-describedby=\"caption-attachment-524\" style=\"width: 768px\" class=\"wp-caption aligncenter\"><img loading=\"lazy\" decoding=\"async\" class=\"wp-image-524 size-large\" src=\"http:\/\/imars.ro\/wp-content\/uploads\/2019\/03\/Marsilia-Marseille-Mumie-de-pisica-768x1024.jpg\" alt=\"Marsilia-Marseille-Mumie-de-pisica\" width=\"768\" height=\"1024\" srcset=\"https:\/\/imars.ro\/wp-content\/uploads\/2019\/03\/Marsilia-Marseille-Mumie-de-pisica-768x1024.jpg 768w, https:\/\/imars.ro\/wp-content\/uploads\/2019\/03\/Marsilia-Marseille-Mumie-de-pisica-225x300.jpg 225w, https:\/\/imars.ro\/wp-content\/uploads\/2019\/03\/Marsilia-Marseille-Mumie-de-pisica-579x772.jpg 579w, https:\/\/imars.ro\/wp-content\/uploads\/2019\/03\/Marsilia-Marseille-Mumie-de-pisica-615x820.jpg 615w, https:\/\/imars.ro\/wp-content\/uploads\/2019\/03\/Marsilia-Marseille-Mumie-de-pisica.jpg 800w, https:\/\/imars.ro\/wp-content\/uploads\/2019\/03\/Marsilia-Marseille-Mumie-de-pisica-512x683.jpg 512w\" sizes=\"auto, (max-width: 768px) 100vw, 768px\" \/><figcaption id=\"caption-attachment-524\" class=\"wp-caption-text\"><em><strong>Mumie de pisica<\/strong><\/em><\/figcaption><\/figure>\n<figure id=\"attachment_525\" aria-describedby=\"caption-attachment-525\" style=\"width: 683px\" class=\"wp-caption aligncenter\"><img loading=\"lazy\" decoding=\"async\" class=\"wp-image-525 size-large\" src=\"http:\/\/imars.ro\/wp-content\/uploads\/2019\/03\/Marsilia-Marseille-Musee-d\u2019archeologie-mediterraneenne-683x1024.jpeg\" alt=\"Marsilia-Marseille-Musee-d\u2019archeologie-mediterraneenne\" width=\"683\" height=\"1024\" srcset=\"https:\/\/imars.ro\/wp-content\/uploads\/2019\/03\/Marsilia-Marseille-Musee-d\u2019archeologie-mediterraneenne-683x1024.jpeg 683w, https:\/\/imars.ro\/wp-content\/uploads\/2019\/03\/Marsilia-Marseille-Musee-d\u2019archeologie-mediterraneenne-200x300.jpeg 200w, https:\/\/imars.ro\/wp-content\/uploads\/2019\/03\/Marsilia-Marseille-Musee-d\u2019archeologie-mediterraneenne-768x1152.jpeg 768w, https:\/\/imars.ro\/wp-content\/uploads\/2019\/03\/Marsilia-Marseille-Musee-d\u2019archeologie-mediterraneenne-579x869.jpeg 579w, https:\/\/imars.ro\/wp-content\/uploads\/2019\/03\/Marsilia-Marseille-Musee-d\u2019archeologie-mediterraneenne-615x923.jpeg 615w, https:\/\/imars.ro\/wp-content\/uploads\/2019\/03\/Marsilia-Marseille-Musee-d\u2019archeologie-mediterraneenne.jpeg 800w, https:\/\/imars.ro\/wp-content\/uploads\/2019\/03\/Marsilia-Marseille-Musee-d\u2019archeologie-mediterraneenne-512x768.jpeg 512w\" sizes=\"auto, (max-width: 683px) 100vw, 683px\" \/><figcaption id=\"caption-attachment-525\" class=\"wp-caption-text\"><em><strong>Musee d&#8217;archeologie mediterraneenne<\/strong><\/em><\/figcaption><\/figure>\n<p><strong>&nbsp; <a href=\"http:\/\/www.musee-histoire-marseille-voie-historique.fr\/fr\">Muzeul de istorie<\/a><\/strong> ada\u0306postes\u0326te peste 3000 de obiecte str\u00e2ns legate de istoria Marsiliei, de la epave din perioada Greciei antice p\u00e2na\u0306 la tablouri din secolul curent. E de preferat sa\u0306 \u00eent\u0326elegi franceza, astfel \u00eenc\u00e2t sa pleci cu 2-3 informat\u0326ii de acolo. Se aplica\u0306 s\u0326i aici intrarea libera\u0306 la muzeu \u00een prima\u0306 duminica a fiecarei luni.<\/p>\n<p><a href=\"http:\/\/www.mucem.org\/en\"><strong>Mucem<\/strong><\/a> \u2014 Muzeul Civilizat\u0326iilor din Europa s\u0326i Marea Mediterana\u0306 cuprinde o colect\u0326ie impresionanta\u0306 de fotografii, picturi, ca\u0306rt\u0326i pos\u0326tale, postere, costume populare s\u0326i o mult\u0326ime de obiecte tradit\u0326ionale, un fel de fratele mai mare s\u0326i s\u0326colit \u00een t\u0326a\u0306ri stra\u0306ine al Muzeului T\u0326a\u0306ranului Rom\u00e2n.<\/p>\n<figure id=\"attachment_526\" aria-describedby=\"caption-attachment-526\" style=\"width: 683px\" class=\"wp-caption aligncenter\"><img loading=\"lazy\" decoding=\"async\" class=\"wp-image-526 size-large\" src=\"http:\/\/imars.ro\/wp-content\/uploads\/2019\/03\/Marsilia-Marseille-Fort-Saint-Jean-683x1024.jpg\" alt=\"Marsilia-Marseille-Fort-Saint-Jean\" width=\"683\" height=\"1024\" srcset=\"https:\/\/imars.ro\/wp-content\/uploads\/2019\/03\/Marsilia-Marseille-Fort-Saint-Jean-683x1024.jpg 683w, https:\/\/imars.ro\/wp-content\/uploads\/2019\/03\/Marsilia-Marseille-Fort-Saint-Jean-200x300.jpg 200w, https:\/\/imars.ro\/wp-content\/uploads\/2019\/03\/Marsilia-Marseille-Fort-Saint-Jean-768x1152.jpg 768w, https:\/\/imars.ro\/wp-content\/uploads\/2019\/03\/Marsilia-Marseille-Fort-Saint-Jean-579x869.jpg 579w, https:\/\/imars.ro\/wp-content\/uploads\/2019\/03\/Marsilia-Marseille-Fort-Saint-Jean-615x923.jpg 615w, https:\/\/imars.ro\/wp-content\/uploads\/2019\/03\/Marsilia-Marseille-Fort-Saint-Jean.jpg 800w, https:\/\/imars.ro\/wp-content\/uploads\/2019\/03\/Marsilia-Marseille-Fort-Saint-Jean-512x768.jpg 512w\" sizes=\"auto, (max-width: 683px) 100vw, 683px\" \/><figcaption id=\"caption-attachment-526\" class=\"wp-caption-text\"><em><strong>Fort Saint-Jean<\/strong><\/em><\/figcaption><\/figure>\n<p><a href=\"http:\/\/culture.marseille.fr\/les-musees-de-marseille\/le-musee-de-la-moto-l-histoire-de-la-motocyclette\"><strong>Muzeul Motocicletei<\/strong><\/a> este destinat celor foarte pasionat\u0326i de motoarele pe doua\u0306 rot\u0326i, dar \u00een lipsa\u0306 de idei, se poate arunca un ochi la cele 250 de modele expuse.<\/p>\n<p>\u00centunericul s-a la\u0306sat peste Marsilia prinz\u00e2ndu-ma\u0306 ca un cles\u0326te, pe stra\u0306zile oras\u0326ului vechi (Le Panier) \u00een drum spre hotel. Atmosfera se schimba\u0306 \u00een ton cu paleta de culori a soarelui, iar stra\u0306zile \u00eenguste cu peret\u0326i desenat\u0326i de grafferii locali devin ne\u00eenca\u0306pa\u0306toare, iar teama pusese sta\u0306p\u00e2nire pe situat\u0326ie.<\/p>\n<figure id=\"attachment_527\" aria-describedby=\"caption-attachment-527\" style=\"width: 683px\" class=\"wp-caption aligncenter\"><img loading=\"lazy\" decoding=\"async\" class=\"wp-image-527 size-large\" src=\"http:\/\/imars.ro\/wp-content\/uploads\/2019\/03\/Marsilia-Marseille-Graffiti-683x1024.jpg\" alt=\"Marsilia-Marseille-Graffiti\" width=\"683\" height=\"1024\" srcset=\"https:\/\/imars.ro\/wp-content\/uploads\/2019\/03\/Marsilia-Marseille-Graffiti-683x1024.jpg 683w, https:\/\/imars.ro\/wp-content\/uploads\/2019\/03\/Marsilia-Marseille-Graffiti-200x300.jpg 200w, https:\/\/imars.ro\/wp-content\/uploads\/2019\/03\/Marsilia-Marseille-Graffiti-768x1152.jpg 768w, https:\/\/imars.ro\/wp-content\/uploads\/2019\/03\/Marsilia-Marseille-Graffiti-579x869.jpg 579w, https:\/\/imars.ro\/wp-content\/uploads\/2019\/03\/Marsilia-Marseille-Graffiti-615x923.jpg 615w, https:\/\/imars.ro\/wp-content\/uploads\/2019\/03\/Marsilia-Marseille-Graffiti.jpg 800w, https:\/\/imars.ro\/wp-content\/uploads\/2019\/03\/Marsilia-Marseille-Graffiti-512x768.jpg 512w\" sizes=\"auto, (max-width: 683px) 100vw, 683px\" \/><figcaption id=\"caption-attachment-527\" class=\"wp-caption-text\"><em><strong>Graffiti<\/strong><\/em><\/figcaption><\/figure>\n<figure id=\"attachment_528\" aria-describedby=\"caption-attachment-528\" style=\"width: 1024px\" class=\"wp-caption aligncenter\"><img loading=\"lazy\" decoding=\"async\" class=\"wp-image-528 size-large\" src=\"http:\/\/imars.ro\/wp-content\/uploads\/2019\/03\/Marsilia-Marseille-Graffiti-on-Le-Panier-stradal-1024x683.jpeg\" alt=\"Marsilia-Marseille-Graffiti-on-Le Panier-stradal\" width=\"1024\" height=\"683\" srcset=\"https:\/\/imars.ro\/wp-content\/uploads\/2019\/03\/Marsilia-Marseille-Graffiti-on-Le-Panier-stradal.jpeg 1024w, https:\/\/imars.ro\/wp-content\/uploads\/2019\/03\/Marsilia-Marseille-Graffiti-on-Le-Panier-stradal-300x200.jpeg 300w, https:\/\/imars.ro\/wp-content\/uploads\/2019\/03\/Marsilia-Marseille-Graffiti-on-Le-Panier-stradal-768x512.jpeg 768w, https:\/\/imars.ro\/wp-content\/uploads\/2019\/03\/Marsilia-Marseille-Graffiti-on-Le-Panier-stradal-579x386.jpeg 579w, https:\/\/imars.ro\/wp-content\/uploads\/2019\/03\/Marsilia-Marseille-Graffiti-on-Le-Panier-stradal-615x410.jpeg 615w, https:\/\/imars.ro\/wp-content\/uploads\/2019\/03\/Marsilia-Marseille-Graffiti-on-Le-Panier-stradal-800x534.jpeg 800w, https:\/\/imars.ro\/wp-content\/uploads\/2019\/03\/Marsilia-Marseille-Graffiti-on-Le-Panier-stradal-512x342.jpeg 512w\" sizes=\"auto, (max-width: 1024px) 100vw, 1024px\" \/><figcaption id=\"caption-attachment-528\" class=\"wp-caption-text\"><em><strong>Graffiti on Le Panier <\/strong><\/em><\/figcaption><\/figure>\n<p>Foamea \u00ees\u0326i fa\u0306cea prezent\u0326a ca un magician al nopt\u0326ii s\u0326i semnaliza de fiecare data\u0306 c\u00e2nd treceam pe l\u00e2nga\u0306 un local cu m\u00e2ncare. Bulevardele din cartierul Noailles sunt pline de localuri cu m\u00e2ncare tip fast food, \u00een mare parte pentru imigrant\u0326i.<\/p>\n<p>\u00cen ca\u0306utarea unui restaurant decent, pentru a \u00eencerca celebra toca\u0306nit\u0326a\u0306 bouillabaise, am nimerit la cel mai <a href=\"https:\/\/www.tripadvisor.com\/Restaurant_Review-g187253-d804383-Reviews-Toinou_Les_Fruits_de_Mer-Marseille_Bouches_du_Rhone_Provence_Alpes_Cote_d_Azur.html\">interesant restaurant<\/a> care servea fructe de mare proaspete, pe care le alegeai singur \u00eenainte de a te as\u0326eza la masa\u0306.<\/p>\n<p><figure id=\"attachment_529\" aria-describedby=\"caption-attachment-529\" style=\"width: 1024px\" class=\"wp-caption aligncenter\"><img loading=\"lazy\" decoding=\"async\" class=\"wp-image-529 size-large\" src=\"http:\/\/imars.ro\/wp-content\/uploads\/2019\/03\/Marsilia-Marseille-Toinou-Les-Fruits-de-Mer-1024x768.jpg\" alt=\"Marsilia-Marseille-Toinou-Les-Fruits-de-Mer\" width=\"1024\" height=\"768\" srcset=\"https:\/\/imars.ro\/wp-content\/uploads\/2019\/03\/Marsilia-Marseille-Toinou-Les-Fruits-de-Mer.jpg 1024w, https:\/\/imars.ro\/wp-content\/uploads\/2019\/03\/Marsilia-Marseille-Toinou-Les-Fruits-de-Mer-300x225.jpg 300w, https:\/\/imars.ro\/wp-content\/uploads\/2019\/03\/Marsilia-Marseille-Toinou-Les-Fruits-de-Mer-768x576.jpg 768w, https:\/\/imars.ro\/wp-content\/uploads\/2019\/03\/Marsilia-Marseille-Toinou-Les-Fruits-de-Mer-579x434.jpg 579w, https:\/\/imars.ro\/wp-content\/uploads\/2019\/03\/Marsilia-Marseille-Toinou-Les-Fruits-de-Mer-615x461.jpg 615w, https:\/\/imars.ro\/wp-content\/uploads\/2019\/03\/Marsilia-Marseille-Toinou-Les-Fruits-de-Mer-800x600.jpg 800w, https:\/\/imars.ro\/wp-content\/uploads\/2019\/03\/Marsilia-Marseille-Toinou-Les-Fruits-de-Mer-512x384.jpg 512w\" sizes=\"auto, (max-width: 1024px) 100vw, 1024px\" \/><figcaption id=\"caption-attachment-529\" class=\"wp-caption-text\"><a href=\"https:\/\/www.tripadvisor.com\/Restaurant_Review-g187253-d804383-Reviews-Toinou_Les_Fruits_de_Mer-Marseille_Bouches_du_Rhone_Provence_Alpes_Cote_d_Azur.html\"><em><strong>Toinou Les Fruits de Mer<\/strong><\/em><\/a><\/figcaption><\/figure><br>\n<figure id=\"attachment_530\" aria-describedby=\"caption-attachment-530\" style=\"width: 768px\" class=\"wp-caption aligncenter\"><img loading=\"lazy\" decoding=\"async\" class=\"wp-image-530 size-large\" src=\"http:\/\/imars.ro\/wp-content\/uploads\/2019\/03\/Marsilia-restaurant-Toinou-Les-Fruits-de-Mer-top-768x1024.jpg\" alt=\"Marsilia-restaurant-Toinou-Les-Fruits-de-Mer-top\" width=\"768\" height=\"1024\" srcset=\"https:\/\/imars.ro\/wp-content\/uploads\/2019\/03\/Marsilia-restaurant-Toinou-Les-Fruits-de-Mer-top-768x1024.jpg 768w, https:\/\/imars.ro\/wp-content\/uploads\/2019\/03\/Marsilia-restaurant-Toinou-Les-Fruits-de-Mer-top-225x300.jpg 225w, https:\/\/imars.ro\/wp-content\/uploads\/2019\/03\/Marsilia-restaurant-Toinou-Les-Fruits-de-Mer-top-579x772.jpg 579w, https:\/\/imars.ro\/wp-content\/uploads\/2019\/03\/Marsilia-restaurant-Toinou-Les-Fruits-de-Mer-top-615x820.jpg 615w, https:\/\/imars.ro\/wp-content\/uploads\/2019\/03\/Marsilia-restaurant-Toinou-Les-Fruits-de-Mer-top.jpg 800w, https:\/\/imars.ro\/wp-content\/uploads\/2019\/03\/Marsilia-restaurant-Toinou-Les-Fruits-de-Mer-top-512x683.jpg 512w\" sizes=\"auto, (max-width: 768px) 100vw, 768px\" \/><figcaption id=\"caption-attachment-530\" class=\"wp-caption-text\"><em><strong>Toinou Les Fruits de Mer<\/strong><\/em><\/figcaption><\/figure><\/p>\n<p>Cu siguranta\u0306 a fost cea mai buna\u0306 alegere dpdv. calitate-pret\u0326. As\u0326a ca, bouillabaise o sa\u0306 mai as\u0326tepte mult s\u0326i bine&#8230;<\/p>\n<p><\/p>\n<p><figure id=\"attachment_531\" aria-describedby=\"caption-attachment-531\" style=\"width: 1024px\" class=\"wp-caption aligncenter\"><img loading=\"lazy\" decoding=\"async\" class=\"wp-image-531 size-large\" src=\"http:\/\/imars.ro\/wp-content\/uploads\/2019\/03\/Marsilia-Marseille-Pharo-Palace-1024x683.jpg\" alt=\"Marsilia-Marseille-Pharo-Palace\" width=\"1024\" height=\"683\" srcset=\"https:\/\/imars.ro\/wp-content\/uploads\/2019\/03\/Marsilia-Marseille-Pharo-Palace.jpg 1024w, https:\/\/imars.ro\/wp-content\/uploads\/2019\/03\/Marsilia-Marseille-Pharo-Palace-300x200.jpg 300w, https:\/\/imars.ro\/wp-content\/uploads\/2019\/03\/Marsilia-Marseille-Pharo-Palace-768x512.jpg 768w, https:\/\/imars.ro\/wp-content\/uploads\/2019\/03\/Marsilia-Marseille-Pharo-Palace-579x386.jpg 579w, https:\/\/imars.ro\/wp-content\/uploads\/2019\/03\/Marsilia-Marseille-Pharo-Palace-615x410.jpg 615w, https:\/\/imars.ro\/wp-content\/uploads\/2019\/03\/Marsilia-Marseille-Pharo-Palace-800x534.jpg 800w, https:\/\/imars.ro\/wp-content\/uploads\/2019\/03\/Marsilia-Marseille-Pharo-Palace-512x342.jpg 512w\" sizes=\"auto, (max-width: 1024px) 100vw, 1024px\" \/><figcaption id=\"caption-attachment-531\" class=\"wp-caption-text\"><em><strong>Pharo Palace<\/strong><\/em><\/figcaption><\/figure><br>\n<figure id=\"attachment_532\" aria-describedby=\"caption-attachment-532\" style=\"width: 1024px\" class=\"wp-caption aligncenter\"><img loading=\"lazy\" decoding=\"async\" class=\"wp-image-532 size-large\" src=\"http:\/\/imars.ro\/wp-content\/uploads\/2019\/03\/Marsilia-Marseille-Vedere-perspectiva-1024x683.jpg\" alt=\"Marsilia-Marseille-Vedere-perspectiva\" width=\"1024\" height=\"683\" srcset=\"https:\/\/imars.ro\/wp-content\/uploads\/2019\/03\/Marsilia-Marseille-Vedere-perspectiva.jpg 1024w, https:\/\/imars.ro\/wp-content\/uploads\/2019\/03\/Marsilia-Marseille-Vedere-perspectiva-300x200.jpg 300w, https:\/\/imars.ro\/wp-content\/uploads\/2019\/03\/Marsilia-Marseille-Vedere-perspectiva-768x512.jpg 768w, https:\/\/imars.ro\/wp-content\/uploads\/2019\/03\/Marsilia-Marseille-Vedere-perspectiva-579x386.jpg 579w, https:\/\/imars.ro\/wp-content\/uploads\/2019\/03\/Marsilia-Marseille-Vedere-perspectiva-615x410.jpg 615w, https:\/\/imars.ro\/wp-content\/uploads\/2019\/03\/Marsilia-Marseille-Vedere-perspectiva-800x534.jpg 800w, https:\/\/imars.ro\/wp-content\/uploads\/2019\/03\/Marsilia-Marseille-Vedere-perspectiva-512x342.jpg 512w\" sizes=\"auto, (max-width: 1024px) 100vw, 1024px\" \/><figcaption id=\"caption-attachment-532\" class=\"wp-caption-text\"><em><strong>Marseille<\/strong><\/em><\/figcaption><\/figure><br>\n<figure id=\"attachment_533\" aria-describedby=\"caption-attachment-533\" style=\"width: 683px\" class=\"wp-caption aligncenter\"><img loading=\"lazy\" decoding=\"async\" class=\"wp-image-533 size-large\" src=\"http:\/\/imars.ro\/wp-content\/uploads\/2019\/03\/Marsilia-vase-in-port-683x1024.jpg\" alt=\"Marsilia-vase-in-port\" width=\"683\" height=\"1024\" srcset=\"https:\/\/imars.ro\/wp-content\/uploads\/2019\/03\/Marsilia-vase-in-port-683x1024.jpg 683w, https:\/\/imars.ro\/wp-content\/uploads\/2019\/03\/Marsilia-vase-in-port-200x300.jpg 200w, https:\/\/imars.ro\/wp-content\/uploads\/2019\/03\/Marsilia-vase-in-port-768x1152.jpg 768w, https:\/\/imars.ro\/wp-content\/uploads\/2019\/03\/Marsilia-vase-in-port-579x869.jpg 579w, https:\/\/imars.ro\/wp-content\/uploads\/2019\/03\/Marsilia-vase-in-port-615x923.jpg 615w, https:\/\/imars.ro\/wp-content\/uploads\/2019\/03\/Marsilia-vase-in-port.jpg 800w, https:\/\/imars.ro\/wp-content\/uploads\/2019\/03\/Marsilia-vase-in-port-512x768.jpg 512w\" sizes=\"auto, (max-width: 683px) 100vw, 683px\" \/><figcaption id=\"caption-attachment-533\" class=\"wp-caption-text\"><strong>Vieux Port<\/strong><\/figcaption><\/figure><br>\n<figure id=\"attachment_534\" aria-describedby=\"caption-attachment-534\" style=\"width: 1024px\" class=\"wp-caption aligncenter\"><img loading=\"lazy\" decoding=\"async\" class=\"wp-image-534 size-large\" src=\"http:\/\/imars.ro\/wp-content\/uploads\/2019\/03\/Marsilia-Marseille-pescar-1024x683.jpg\" alt=\"Marsilia-Marseille-pescar\" width=\"1024\" height=\"683\" srcset=\"https:\/\/imars.ro\/wp-content\/uploads\/2019\/03\/Marsilia-Marseille-pescar.jpg 1024w, https:\/\/imars.ro\/wp-content\/uploads\/2019\/03\/Marsilia-Marseille-pescar-300x200.jpg 300w, https:\/\/imars.ro\/wp-content\/uploads\/2019\/03\/Marsilia-Marseille-pescar-768x512.jpg 768w, https:\/\/imars.ro\/wp-content\/uploads\/2019\/03\/Marsilia-Marseille-pescar-579x386.jpg 579w, https:\/\/imars.ro\/wp-content\/uploads\/2019\/03\/Marsilia-Marseille-pescar-615x410.jpg 615w, https:\/\/imars.ro\/wp-content\/uploads\/2019\/03\/Marsilia-Marseille-pescar-800x534.jpg 800w, https:\/\/imars.ro\/wp-content\/uploads\/2019\/03\/Marsilia-Marseille-pescar-512x342.jpg 512w\" sizes=\"auto, (max-width: 1024px) 100vw, 1024px\" \/><figcaption id=\"caption-attachment-534\" class=\"wp-caption-text\"><em><strong>Pescar<\/strong><\/em><\/figcaption><\/figure><br>\n<figure id=\"attachment_535\" aria-describedby=\"caption-attachment-535\" style=\"width: 683px\" class=\"wp-caption aligncenter\"><img loading=\"lazy\" decoding=\"async\" class=\"wp-image-535 size-large\" src=\"http:\/\/imars.ro\/wp-content\/uploads\/2019\/03\/Marsilia-Marseille-arhitectura-oras-vedere-ansamblu-683x1024.jpg\" alt=\"Marsilia-Marseille-arhitectura-oras-vedere-ansamblu\" width=\"683\" height=\"1024\" srcset=\"https:\/\/imars.ro\/wp-content\/uploads\/2019\/03\/Marsilia-Marseille-arhitectura-oras-vedere-ansamblu-683x1024.jpg 683w, https:\/\/imars.ro\/wp-content\/uploads\/2019\/03\/Marsilia-Marseille-arhitectura-oras-vedere-ansamblu-200x300.jpg 200w, https:\/\/imars.ro\/wp-content\/uploads\/2019\/03\/Marsilia-Marseille-arhitectura-oras-vedere-ansamblu-768x1152.jpg 768w, https:\/\/imars.ro\/wp-content\/uploads\/2019\/03\/Marsilia-Marseille-arhitectura-oras-vedere-ansamblu-579x869.jpg 579w, https:\/\/imars.ro\/wp-content\/uploads\/2019\/03\/Marsilia-Marseille-arhitectura-oras-vedere-ansamblu-615x923.jpg 615w, https:\/\/imars.ro\/wp-content\/uploads\/2019\/03\/Marsilia-Marseille-arhitectura-oras-vedere-ansamblu.jpg 800w, https:\/\/imars.ro\/wp-content\/uploads\/2019\/03\/Marsilia-Marseille-arhitectura-oras-vedere-ansamblu-512x768.jpg 512w\" sizes=\"auto, (max-width: 683px) 100vw, 683px\" \/><figcaption id=\"caption-attachment-535\" class=\"wp-caption-text\"><em><strong>Marseille<\/strong><\/em><\/figcaption><\/figure><br>\n<figure id=\"attachment_536\" aria-describedby=\"caption-attachment-536\" style=\"width: 683px\" class=\"wp-caption aligncenter\"><img loading=\"lazy\" decoding=\"async\" class=\"wp-image-536 size-large\" src=\"http:\/\/imars.ro\/wp-content\/uploads\/2019\/03\/Marsilia-Marseille-Notre-Dame-de-la-Garde-683x1024.jpg\" alt=\"Marsilia-Marseille-Notre-Dame-de-la-Garde\" width=\"683\" height=\"1024\" srcset=\"https:\/\/imars.ro\/wp-content\/uploads\/2019\/03\/Marsilia-Marseille-Notre-Dame-de-la-Garde-683x1024.jpg 683w, https:\/\/imars.ro\/wp-content\/uploads\/2019\/03\/Marsilia-Marseille-Notre-Dame-de-la-Garde-200x300.jpg 200w, https:\/\/imars.ro\/wp-content\/uploads\/2019\/03\/Marsilia-Marseille-Notre-Dame-de-la-Garde-768x1152.jpg 768w, https:\/\/imars.ro\/wp-content\/uploads\/2019\/03\/Marsilia-Marseille-Notre-Dame-de-la-Garde-579x869.jpg 579w, https:\/\/imars.ro\/wp-content\/uploads\/2019\/03\/Marsilia-Marseille-Notre-Dame-de-la-Garde-615x923.jpg 615w, https:\/\/imars.ro\/wp-content\/uploads\/2019\/03\/Marsilia-Marseille-Notre-Dame-de-la-Garde.jpg 800w, https:\/\/imars.ro\/wp-content\/uploads\/2019\/03\/Marsilia-Marseille-Notre-Dame-de-la-Garde-512x768.jpg 512w\" sizes=\"auto, (max-width: 683px) 100vw, 683px\" \/><figcaption id=\"caption-attachment-536\" class=\"wp-caption-text\"><em><strong>Notre-Dame de la Garde<\/strong><\/em><\/figcaption><\/figure><\/p>\n\n\n<p class=\"wp-block-paragraph\"><\/p>\n","protected":false},"excerpt":{"rendered":"<p>Nu-mi place sa\u0306 trag concluzii pripite dupa\u0306 doar o singura\u0306 zi rata\u0306cita\u0306 pe stra\u0306zile din Marsilia, \u00eensa\u0306 un lucru e cert,&nbsp; nu e o destinat\u0326ie pentru cei rasis\u0326ti sau cu capul \u00een nori. As\u0326teapta\u0306-te sa\u0306 ga\u0306ses\u0326ti toate nat\u0326iile de oameni s\u0326i toate culorile, cu preponderent\u0326a\u0306 culoarea negra\u0306 bate la ochi, &hellip;<\/p>\n","protected":false},"author":1,"featured_media":465,"comment_status":"open","ping_status":"open","sticky":false,"template":"","format":"standard","meta":{"footnotes":""},"categories":[6],"tags":[13,14],"class_list":["post-447","post","type-post","status-publish","format-standard","has-post-thumbnail","hentry","category-travel","tag-ce-sa-faci-in-marsilia","tag-guide-marsilia"],"_links":{"self":[{"href":"https:\/\/imars.ro\/index.php?rest_route=\/wp\/v2\/posts\/447","targetHints":{"allow":["GET"]}}],"collection":[{"href":"https:\/\/imars.ro\/index.php?rest_route=\/wp\/v2\/posts"}],"about":[{"href":"https:\/\/imars.ro\/index.php?rest_route=\/wp\/v2\/types\/post"}],"author":[{"embeddable":true,"href":"https:\/\/imars.ro\/index.php?rest_route=\/wp\/v2\/users\/1"}],"replies":[{"embeddable":true,"href":"https:\/\/imars.ro\/index.php?rest_route=%2Fwp%2Fv2%2Fcomments&post=447"}],"version-history":[{"count":14,"href":"https:\/\/imars.ro\/index.php?rest_route=\/wp\/v2\/posts\/447\/revisions"}],"predecessor-version":[{"id":654,"href":"https:\/\/imars.ro\/index.php?rest_route=\/wp\/v2\/posts\/447\/revisions\/654"}],"wp:featuredmedia":[{"embeddable":true,"href":"https:\/\/imars.ro\/index.php?rest_route=\/wp\/v2\/media\/465"}],"wp:attachment":[{"href":"https:\/\/imars.ro\/index.php?rest_route=%2Fwp%2Fv2%2Fmedia&parent=447"}],"wp:term":[{"taxonomy":"category","embeddable":true,"href":"https:\/\/imars.ro\/index.php?rest_route=%2Fwp%2Fv2%2Fcategories&post=447"},{"taxonomy":"post_tag","embeddable":true,"href":"https:\/\/imars.ro\/index.php?rest_route=%2Fwp%2Fv2%2Ftags&post=447"}],"curies":[{"name":"wp","href":"https:\/\/api.w.org\/{rel}","templated":true}]}}