{"id":601,"date":"2019-06-24T08:48:23","date_gmt":"2019-06-24T08:48:23","guid":{"rendered":"http:\/\/imars.ro\/?p=601"},"modified":"2019-08-26T14:32:46","modified_gmt":"2019-08-26T14:32:46","slug":"monaco-milionar-de-weekend","status":"publish","type":"post","link":"https:\/\/imars.ro\/?p=601","title":{"rendered":"Monaco-Milionar de weekend"},"content":{"rendered":"<figure id=\"attachment_616\" aria-describedby=\"caption-attachment-616\" style=\"width: 964px\" class=\"wp-caption aligncenter\"><img loading=\"lazy\" decoding=\"async\" class=\"wp-image-616 size-large\" title=\"Monaco\" src=\"http:\/\/imars.ro\/wp-content\/uploads\/2019\/06\/Monaco_Monte_Carlo-1024x683.jpeg\" alt=\"Monaco_Monte_Carlo\" width=\"964\" height=\"643\"><figcaption id=\"caption-attachment-616\" class=\"wp-caption-text\"><em><strong>Monaco<\/strong><\/em><\/figcaption><\/figure>\n<p>Riviera Francez\u0103 d\u0103inuie \u00een mintea mea \u00eenc\u0103 de c\u00e2nd eram mic copil, conturat\u0103 nebulos de filmele difuzate \u00een cadrul emisiunii Telecinemateca, pe care le vizionam mai ales iarna, c\u00e2nd afar\u0103 se \u00eentuneca devreme \u0219i era prea frig de rupt b\u0103t\u0103tura \u00een dou\u0103. \u0218i cum op\u021biunile erau limitate,&nbsp; varianta optima era aceea de a ne strange \u00een fa\u021ba unui televizor alb-negru ponosit \u0219i de a urmari singurul program disponibil.&nbsp; Chiar dac\u0103 nu stiam s\u0103 citesc, iar culorile nu reflectau realitatea, asta nu m\u0103 \u00eempiedica s\u0103-mi imaginez cabrioletele alunec\u00e2nd precum ofidienii pe serpentinele coastei de nord a Mediteranei, sub cerul ro\u0219iatic al unui apus de var\u0103. Opulen\u021ba la care visa toat\u0103 lumea, \u00eenc\u0103 era prezentat\u0103 \u00eentr-un mod romantic \u0219i decent, nu sub forma de roab\u0103 cu artificii. Dup\u0103 c\u00e2teva decenii, a venit timpul s\u0103 confrunt imagina\u021bia cu realitatea.<\/p>\n<figure id=\"attachment_617\" aria-describedby=\"caption-attachment-617\" style=\"width: 683px\" class=\"wp-caption aligncenter\"><img loading=\"lazy\" decoding=\"async\" class=\"wp-image-617 size-large\" src=\"http:\/\/imars.ro\/wp-content\/uploads\/2019\/06\/Monaco_Monte_Carlo_strazi-683x1024.jpg\" alt=\"Monaco_Centru\" width=\"683\" height=\"1024\" srcset=\"https:\/\/imars.ro\/wp-content\/uploads\/2019\/06\/Monaco_Monte_Carlo_strazi-683x1024.jpg 683w, https:\/\/imars.ro\/wp-content\/uploads\/2019\/06\/Monaco_Monte_Carlo_strazi-200x300.jpg 200w, https:\/\/imars.ro\/wp-content\/uploads\/2019\/06\/Monaco_Monte_Carlo_strazi-768x1152.jpg 768w, https:\/\/imars.ro\/wp-content\/uploads\/2019\/06\/Monaco_Monte_Carlo_strazi-579x868.jpg 579w, https:\/\/imars.ro\/wp-content\/uploads\/2019\/06\/Monaco_Monte_Carlo_strazi-615x922.jpg 615w, https:\/\/imars.ro\/wp-content\/uploads\/2019\/06\/Monaco_Monte_Carlo_strazi-800x1200.jpg 800w, https:\/\/imars.ro\/wp-content\/uploads\/2019\/06\/Monaco_Monte_Carlo_strazi-512x768.jpg 512w\" sizes=\"auto, (max-width: 683px) 100vw, 683px\" \/><figcaption id=\"caption-attachment-617\" class=\"wp-caption-text\"><em><strong>Monaco<\/strong><\/em><\/figcaption><\/figure>\n<p>C\u0103l\u0103toria spre Monaco a \u00eenceput din Nice, deoarece ora\u0219ul g\u0103zduie\u0219te singurul aeroport din zon\u0103. A\u0219 fi luat autobuzul 100 s\u0103-mi testez anduran\u021ba stomacului pe serpentine, dar presat de timp, am ales varianta mai rapida \u0219i mai lini\u0219tit\u0103, cu trenul. Ca fapt divers, autobuzul 100 &nbsp;este destinat muncitorilor locali \u0219i nu sunt \u00eenc\u00e2nta\u021bi atunci c\u00e2nd c\u0103l\u0103toresc \u00eempreun\u0103 cu turi\u0219tii, muncitorii privindu-i cu ur\u0103 \u0219i dispre\u021b.<\/p>\n<p>Ajuns \u00een gara subteran\u0103, primul lucru care mi-a atras aten\u021bia, nu a fost opulen\u021ba, cur\u0103\u021benia ora\u0219ului sau stilul relaxat al locuitorilor, ci s\u0103r\u0103cia operatorilor de telefonie roman\u0103, care taxeaz\u0103 mai ceva ca jocurile mecanice, neput\u00e2nd s\u0103 \u00eencheie un acord comercial rezonabil cu statul \u00een cauz\u0103. Sau poate este doar o aten\u021bionare c\u0103 faci parte dintr-un stat s\u0103rac?! Dac\u0103 vrei s\u0103 experimentezi aruncatul cu bani la l\u0103utari, \u00eencearc\u0103 s\u0103 scrollezi pe instagram utiliz\u00e2nd datele mobile \u0219i-o s\u0103 realizezi cum i\u021bi zboar\u0103 dolarii din telefon, de parc\u0103 nu-\u0219i mai g\u0103sesc locul la tine \u00een cont.<\/p>\n<p>Deconectat de lumea virtual\u0103, iti r\u0103m\u00e2ne doar s\u0103 te bucuri de fiecare moment petrecut \u00een Monaco, s\u0103 \u00eemparti acelea\u0219i raze de soare cu cei pentru care yachturile sunt doar un singur moft.<\/p>\n<p><img loading=\"lazy\" decoding=\"async\" class=\"aligncenter wp-image-615 size-large\" src=\"http:\/\/imars.ro\/wp-content\/uploads\/2019\/06\/Monaco_from_above-1024x683.jpg\" alt=\"Monaco_vazut_de_sus\" width=\"964\" height=\"643\" srcset=\"https:\/\/imars.ro\/wp-content\/uploads\/2019\/06\/Monaco_from_above-1024x683.jpg 1024w, https:\/\/imars.ro\/wp-content\/uploads\/2019\/06\/Monaco_from_above-300x200.jpg 300w, https:\/\/imars.ro\/wp-content\/uploads\/2019\/06\/Monaco_from_above-768x512.jpg 768w, https:\/\/imars.ro\/wp-content\/uploads\/2019\/06\/Monaco_from_above-579x386.jpg 579w, https:\/\/imars.ro\/wp-content\/uploads\/2019\/06\/Monaco_from_above-615x410.jpg 615w, https:\/\/imars.ro\/wp-content\/uploads\/2019\/06\/Monaco_from_above-800x533.jpg 800w, https:\/\/imars.ro\/wp-content\/uploads\/2019\/06\/Monaco_from_above-512x341.jpg 512w\" sizes=\"auto, (max-width: 964px) 100vw, 964px\" \/><\/p>\n<p>Imaginea pe care \u021bi-o ofer\u0103 Principatul Monaco poate fi distorsionat\u0103, de\u0219i este amplasat pe o suprafa\u021b\u0103 mic\u0103, iar distan\u021bele dintre obiectivele turistice par scurte, \u00een realitate, arhitectura pe mai multe niveluri \u00ee\u021bi pune condi\u021bia fizic\u0103 la \u00eencercare, iar celebrele defibrilatoare amplasate strategic pe marginea str\u0103zilor, \u00eencep s\u0103-\u021bi fac\u0103 cu ochiul.&nbsp; \u00cen perioada \u00een care am fost, cu greu g\u0103seai o zon\u0103 liber\u0103, cerul fiind \u00eemp\u00e2nzit de macarale, construindu-se \u00een destul de multe zone ale ora\u0219ului.<\/p>\n<figure id=\"attachment_605\" aria-describedby=\"caption-attachment-605\" style=\"width: 964px\" class=\"wp-caption aligncenter\"><img loading=\"lazy\" decoding=\"async\" class=\"wp-image-605 size-large\" src=\"http:\/\/imars.ro\/wp-content\/uploads\/2019\/06\/Case_Monte_Carlo-1024x683.jpeg\" alt=\"Case_colorate_in_Monaco\" width=\"964\" height=\"643\" srcset=\"https:\/\/imars.ro\/wp-content\/uploads\/2019\/06\/Case_Monte_Carlo-1024x683.jpeg 1024w, https:\/\/imars.ro\/wp-content\/uploads\/2019\/06\/Case_Monte_Carlo-300x200.jpeg 300w, https:\/\/imars.ro\/wp-content\/uploads\/2019\/06\/Case_Monte_Carlo-768x512.jpeg 768w, https:\/\/imars.ro\/wp-content\/uploads\/2019\/06\/Case_Monte_Carlo-579x386.jpeg 579w, https:\/\/imars.ro\/wp-content\/uploads\/2019\/06\/Case_Monte_Carlo-615x410.jpeg 615w, https:\/\/imars.ro\/wp-content\/uploads\/2019\/06\/Case_Monte_Carlo-800x533.jpeg 800w, https:\/\/imars.ro\/wp-content\/uploads\/2019\/06\/Case_Monte_Carlo-512x341.jpeg 512w\" sizes=\"auto, (max-width: 964px) 100vw, 964px\" \/><figcaption id=\"caption-attachment-605\" class=\"wp-caption-text\"><em><strong>Case pe mai multe niveluri<\/strong><\/em><\/figcaption><\/figure>\n<figure id=\"attachment_631\" aria-describedby=\"caption-attachment-631\" style=\"width: 671px\" class=\"wp-caption aligncenter\"><img loading=\"lazy\" decoding=\"async\" class=\"wp-image-631 size-large\" src=\"http:\/\/imars.ro\/wp-content\/uploads\/2019\/06\/Ascensor_public-671x1024.jpg\" alt=\"\" width=\"671\" height=\"1024\" srcset=\"https:\/\/imars.ro\/wp-content\/uploads\/2019\/06\/Ascensor_public-671x1024.jpg 671w, https:\/\/imars.ro\/wp-content\/uploads\/2019\/06\/Ascensor_public-197x300.jpg 197w, https:\/\/imars.ro\/wp-content\/uploads\/2019\/06\/Ascensor_public-768x1171.jpg 768w, https:\/\/imars.ro\/wp-content\/uploads\/2019\/06\/Ascensor_public-579x883.jpg 579w, https:\/\/imars.ro\/wp-content\/uploads\/2019\/06\/Ascensor_public-615x938.jpg 615w, https:\/\/imars.ro\/wp-content\/uploads\/2019\/06\/Ascensor_public-800x1220.jpg 800w, https:\/\/imars.ro\/wp-content\/uploads\/2019\/06\/Ascensor_public-512x781.jpg 512w\" sizes=\"auto, (max-width: 671px) 100vw, 671px\" \/><figcaption id=\"caption-attachment-631\" class=\"wp-caption-text\"><em><strong>Ascensor public<\/strong><\/em><\/figcaption><\/figure>\n<p>Principalul obiectiv pe care voiam s\u0103-l vizitez nu a fost cazinoul, ci <a href=\"https:\/\/www.visitmonaco.com\/us\/place\/the-gardens\/96\/the-exotic-garden\">Gr\u0103dina Exotic\u0103<\/a> pentru care mi-am dat sufletul urc\u00e2nd treapt\u0103 cu treapt\u0103, iar c\u00e2nd moralul era la p\u0103m\u00e2nt, mai ap\u0103rea c\u00e2te un ascensor public s\u0103-\u021bi mai dea pu\u021bin\u0103 speran\u021b\u0103. Abia la \u00eentoarcere am realizat c\u0103 <a href=\"https:\/\/moovitapp.com\/index\/en\/public_transit-line-2-Nice-3260-858859-415868-0\">autobuzul nr. 2<\/a> te las\u0103 \u00een buza t\u00e2rgului, aproape de intrarea \u00een Gr\u0103dina exotic\u0103, pe care de altfel nu l-am ratat la cobor\u00e2re. Nu este prima dat\u0103 c\u00e2nd v\u0103d o gr\u0103din\u0103 de cactu\u0219i, dar de departe este cea mai interesant\u0103. Fiind amplasat\u0103 pe mai multe niveluri, i\u021bi d\u0103 impresia de o escapad\u0103 \u00een natur\u0103, chiar dac\u0103 e\u0219ti \u00eentr-un mediu controlat. Plantele specifice mediului arid sunt numeroase, iar florile lor schimb\u0103 total percep\u021bia de loc secetos, la care se adaug\u0103 panorama asupra \u00eentregului ora\u0219.&nbsp; Am ratat totu\u0219i pe\u0219tera din interiorul gradinii \u00een mod deliberat, din lips\u0103 de r\u0103bdare. Accesul \u00een grot\u0103 se face din or\u0103 \u00een or\u0103&nbsp; numai \u00eenso\u021bit de un ghid. Cu alt\u0103 ocazie o s\u0103-mi iau traista cu r\u0103bdare sau \u00eencerc o sincronizare mai bun\u0103.<\/p>\n<p>Iar pentru cei pasiona\u021bi de istorie, exist\u0103 un <a href=\"https:\/\/map-mc.org\/bienvenue-au-musee-danthropologie-prehistorique-de-monaco\/english\/\">Mini Muzeu de Antropologie<\/a> \u00een care se pot admira schelete de mamut sau chiar de oameni, dat\u00e2nd de peste 20.000 de ani. Toate obiectivele se viziteaz\u0103 \u00een baza acelua\u0219i bilet de 7.2 euro, p\u0103r\u00e2ndu-mi un pre\u021b ok pentru o destina\u021bie ca Monaco.<\/p>\n<figure id=\"attachment_619\" aria-describedby=\"caption-attachment-619\" style=\"width: 683px\" class=\"wp-caption aligncenter\"><img loading=\"lazy\" decoding=\"async\" class=\"wp-image-619 size-large\" src=\"http:\/\/imars.ro\/wp-content\/uploads\/2019\/06\/Panorama_gradina_exotica-683x1024.jpeg\" alt=\"Panorama_din_gradina_exotica\" width=\"683\" height=\"1024\" srcset=\"https:\/\/imars.ro\/wp-content\/uploads\/2019\/06\/Panorama_gradina_exotica-683x1024.jpeg 683w, https:\/\/imars.ro\/wp-content\/uploads\/2019\/06\/Panorama_gradina_exotica-200x300.jpeg 200w, https:\/\/imars.ro\/wp-content\/uploads\/2019\/06\/Panorama_gradina_exotica-768x1152.jpeg 768w, https:\/\/imars.ro\/wp-content\/uploads\/2019\/06\/Panorama_gradina_exotica-579x869.jpeg 579w, https:\/\/imars.ro\/wp-content\/uploads\/2019\/06\/Panorama_gradina_exotica-615x923.jpeg 615w, https:\/\/imars.ro\/wp-content\/uploads\/2019\/06\/Panorama_gradina_exotica-800x1200.jpeg 800w, https:\/\/imars.ro\/wp-content\/uploads\/2019\/06\/Panorama_gradina_exotica-512x768.jpeg 512w\" sizes=\"auto, (max-width: 683px) 100vw, 683px\" \/><figcaption id=\"caption-attachment-619\" class=\"wp-caption-text\"><em><strong>Gr\u0103dina Exotic\u0103<\/strong><\/em><\/figcaption><\/figure>\n<figure id=\"attachment_604\" aria-describedby=\"caption-attachment-604\" style=\"width: 683px\" class=\"wp-caption aligncenter\"><img loading=\"lazy\" decoding=\"async\" class=\"wp-image-604 size-large\" src=\"http:\/\/imars.ro\/wp-content\/uploads\/2019\/06\/Cactusi_Gradina_exotica-683x1024.jpg\" alt=\"Cactusi in Gradina Exotica\" width=\"683\" height=\"1024\" srcset=\"https:\/\/imars.ro\/wp-content\/uploads\/2019\/06\/Cactusi_Gradina_exotica-683x1024.jpg 683w, https:\/\/imars.ro\/wp-content\/uploads\/2019\/06\/Cactusi_Gradina_exotica-200x300.jpg 200w, https:\/\/imars.ro\/wp-content\/uploads\/2019\/06\/Cactusi_Gradina_exotica-768x1152.jpg 768w, https:\/\/imars.ro\/wp-content\/uploads\/2019\/06\/Cactusi_Gradina_exotica-579x869.jpg 579w, https:\/\/imars.ro\/wp-content\/uploads\/2019\/06\/Cactusi_Gradina_exotica-615x923.jpg 615w, https:\/\/imars.ro\/wp-content\/uploads\/2019\/06\/Cactusi_Gradina_exotica-800x1200.jpg 800w, https:\/\/imars.ro\/wp-content\/uploads\/2019\/06\/Cactusi_Gradina_exotica-512x768.jpg 512w\" sizes=\"auto, (max-width: 683px) 100vw, 683px\" \/><figcaption id=\"caption-attachment-604\" class=\"wp-caption-text\"><em><strong>Cactu\u0219i<\/strong><\/em><\/figcaption><\/figure>\n<figure id=\"attachment_612\" aria-describedby=\"caption-attachment-612\" style=\"width: 683px\" class=\"wp-caption aligncenter\"><img loading=\"lazy\" decoding=\"async\" class=\"wp-image-612 size-large\" src=\"http:\/\/imars.ro\/wp-content\/uploads\/2019\/06\/Gradina_exotica_Din_Monte_carlo-683x1024.jpeg\" alt=\"\" width=\"683\" height=\"1024\" srcset=\"https:\/\/imars.ro\/wp-content\/uploads\/2019\/06\/Gradina_exotica_Din_Monte_carlo-683x1024.jpeg 683w, https:\/\/imars.ro\/wp-content\/uploads\/2019\/06\/Gradina_exotica_Din_Monte_carlo-200x300.jpeg 200w, https:\/\/imars.ro\/wp-content\/uploads\/2019\/06\/Gradina_exotica_Din_Monte_carlo-768x1152.jpeg 768w, https:\/\/imars.ro\/wp-content\/uploads\/2019\/06\/Gradina_exotica_Din_Monte_carlo-579x868.jpeg 579w, https:\/\/imars.ro\/wp-content\/uploads\/2019\/06\/Gradina_exotica_Din_Monte_carlo-615x922.jpeg 615w, https:\/\/imars.ro\/wp-content\/uploads\/2019\/06\/Gradina_exotica_Din_Monte_carlo-800x1200.jpeg 800w, https:\/\/imars.ro\/wp-content\/uploads\/2019\/06\/Gradina_exotica_Din_Monte_carlo-512x768.jpeg 512w\" sizes=\"auto, (max-width: 683px) 100vw, 683px\" \/><figcaption id=\"caption-attachment-612\" class=\"wp-caption-text\"><em><strong>Gr\u0103din\u0103 Exotica din Monaco<\/strong><\/em><\/figcaption><\/figure>\n<p><img loading=\"lazy\" decoding=\"async\" class=\"aligncenter wp-image-620 size-large\" src=\"http:\/\/imars.ro\/wp-content\/uploads\/2019\/06\/Panorama_gradina_exotica-683x1024.jpg\" alt=\"\" width=\"683\" height=\"1024\" srcset=\"https:\/\/imars.ro\/wp-content\/uploads\/2019\/06\/Panorama_gradina_exotica-683x1024.jpg 683w, https:\/\/imars.ro\/wp-content\/uploads\/2019\/06\/Panorama_gradina_exotica-200x300.jpg 200w, https:\/\/imars.ro\/wp-content\/uploads\/2019\/06\/Panorama_gradina_exotica-768x1152.jpg 768w, https:\/\/imars.ro\/wp-content\/uploads\/2019\/06\/Panorama_gradina_exotica-579x869.jpg 579w, https:\/\/imars.ro\/wp-content\/uploads\/2019\/06\/Panorama_gradina_exotica-615x923.jpg 615w, https:\/\/imars.ro\/wp-content\/uploads\/2019\/06\/Panorama_gradina_exotica-800x1200.jpg 800w, https:\/\/imars.ro\/wp-content\/uploads\/2019\/06\/Panorama_gradina_exotica-512x768.jpg 512w\" sizes=\"auto, (max-width: 683px) 100vw, 683px\" \/><\/p>\n<p><img loading=\"lazy\" decoding=\"async\" class=\"size-large wp-image-602 aligncenter\" src=\"http:\/\/imars.ro\/wp-content\/uploads\/2019\/06\/Balcon_Gradina_Eexotica-683x1024.jpeg\" alt=\"\" width=\"683\" height=\"1024\" srcset=\"https:\/\/imars.ro\/wp-content\/uploads\/2019\/06\/Balcon_Gradina_Eexotica-683x1024.jpeg 683w, https:\/\/imars.ro\/wp-content\/uploads\/2019\/06\/Balcon_Gradina_Eexotica-200x300.jpeg 200w, https:\/\/imars.ro\/wp-content\/uploads\/2019\/06\/Balcon_Gradina_Eexotica-768x1152.jpeg 768w, https:\/\/imars.ro\/wp-content\/uploads\/2019\/06\/Balcon_Gradina_Eexotica-579x869.jpeg 579w, https:\/\/imars.ro\/wp-content\/uploads\/2019\/06\/Balcon_Gradina_Eexotica-615x923.jpeg 615w, https:\/\/imars.ro\/wp-content\/uploads\/2019\/06\/Balcon_Gradina_Eexotica-800x1200.jpeg 800w, https:\/\/imars.ro\/wp-content\/uploads\/2019\/06\/Balcon_Gradina_Eexotica-512x768.jpeg 512w\" sizes=\"auto, (max-width: 683px) 100vw, 683px\" \/><\/p>\n<p>M\u0103 asteptam s\u0103 fie mult mai aglomerat, dar se pare c\u0103 majoritatea au preferat s\u0103 viziteze zona cazinoului, unde am g\u0103sit puzderie de oameni \u00eencerc\u00e2nd s\u0103 se fotografieze din toate pozi\u021biile. Pentru mine, cazinoul nu reprezint\u0103 un interes \u0219i sunt de p\u0103rere c\u0103 cel din Constan\u021ba are un ponten\u021bial mai mare dac\u0103 va fi restaurat. \u0218i totu\u0219i, \u00een fa\u021ba lui \u0219i a Hotelului Paris, cladiri aflate una l\u00e2ng\u0103 alta, g\u0103se\u0219ti expuse cele mai exotice ma\u0219ini. Iar pentru cunosc\u0103tori \u0219i mai ales pentru fanatici, care nu se mul\u021bumesc doar cu ma\u0219inile expuse pe str\u0103zi \u0219i parc\u0103ri, au ocazia s\u0103 viziteze colec\u021bia personal\u0103 a Prin\u021bului Albert de Monaco care adun\u0103 laolalt\u0103 peste 100 de ma\u0219ini, de la tr\u0103suri p\u00e2n\u0103 la monoposturi de Formula 1 (cu toate c\u0103, este mai pu\u021bin impresionant\u0103 dec\u00e2t Cit\u00e9 de l&#8217;Automobile din Mulhouse, despre care am scris acum ceva vreme <a href=\"http:\/\/imars.ro\/index.php\/2018\/09\/20\/mulhouse-si-povestea-celui-mai-scump-bugatti-din-lume\/\">aici<\/a> ). \u00cen perioada&nbsp; Marelui Premiu al Principatului Monaco intrarea este gratuit\u0103 la cursele de Formula 2 \u0219i Supercupa Porsche.<\/p>\n<figure id=\"attachment_628\" aria-describedby=\"caption-attachment-628\" style=\"width: 964px\" class=\"wp-caption aligncenter\"><img loading=\"lazy\" decoding=\"async\" class=\"wp-image-628 size-large\" src=\"http:\/\/imars.ro\/wp-content\/uploads\/2019\/06\/Cazino_Monte_Carlo2-1024x683.jpeg\" alt=\"Cazinoul_din_Monaco\" width=\"964\" height=\"643\" srcset=\"https:\/\/imars.ro\/wp-content\/uploads\/2019\/06\/Cazino_Monte_Carlo2-1024x683.jpeg 1024w, https:\/\/imars.ro\/wp-content\/uploads\/2019\/06\/Cazino_Monte_Carlo2-300x200.jpeg 300w, https:\/\/imars.ro\/wp-content\/uploads\/2019\/06\/Cazino_Monte_Carlo2-768x512.jpeg 768w, https:\/\/imars.ro\/wp-content\/uploads\/2019\/06\/Cazino_Monte_Carlo2-579x386.jpeg 579w, https:\/\/imars.ro\/wp-content\/uploads\/2019\/06\/Cazino_Monte_Carlo2-615x410.jpeg 615w, https:\/\/imars.ro\/wp-content\/uploads\/2019\/06\/Cazino_Monte_Carlo2-800x533.jpeg 800w, https:\/\/imars.ro\/wp-content\/uploads\/2019\/06\/Cazino_Monte_Carlo2-512x341.jpeg 512w\" sizes=\"auto, (max-width: 964px) 100vw, 964px\" \/><figcaption id=\"caption-attachment-628\" class=\"wp-caption-text\"><em><strong>Casino Monte-Carlo<\/strong><\/em><\/figcaption><\/figure>\n<figure id=\"attachment_606\" aria-describedby=\"caption-attachment-606\" style=\"width: 964px\" class=\"wp-caption aligncenter\"><img loading=\"lazy\" decoding=\"async\" class=\"wp-image-606 size-large\" src=\"http:\/\/imars.ro\/wp-content\/uploads\/2019\/06\/Casino_Monte_Carlo_car-1024x682.jpeg\" alt=\"Casino Monte-Carlo\" width=\"964\" height=\"642\" srcset=\"https:\/\/imars.ro\/wp-content\/uploads\/2019\/06\/Casino_Monte_Carlo_car-1024x682.jpeg 1024w, https:\/\/imars.ro\/wp-content\/uploads\/2019\/06\/Casino_Monte_Carlo_car-300x200.jpeg 300w, https:\/\/imars.ro\/wp-content\/uploads\/2019\/06\/Casino_Monte_Carlo_car-768x511.jpeg 768w, https:\/\/imars.ro\/wp-content\/uploads\/2019\/06\/Casino_Monte_Carlo_car-579x385.jpeg 579w, https:\/\/imars.ro\/wp-content\/uploads\/2019\/06\/Casino_Monte_Carlo_car-615x409.jpeg 615w, https:\/\/imars.ro\/wp-content\/uploads\/2019\/06\/Casino_Monte_Carlo_car-800x533.jpeg 800w, https:\/\/imars.ro\/wp-content\/uploads\/2019\/06\/Casino_Monte_Carlo_car-512x341.jpeg 512w\" sizes=\"auto, (max-width: 964px) 100vw, 964px\" \/><figcaption id=\"caption-attachment-606\" class=\"wp-caption-text\"><em><strong>Casino Monte-Carlo<\/strong><\/em><\/figcaption><\/figure>\n<figure id=\"attachment_614\" aria-describedby=\"caption-attachment-614\" style=\"width: 683px\" class=\"wp-caption aligncenter\"><img loading=\"lazy\" decoding=\"async\" class=\"wp-image-614 size-large\" src=\"http:\/\/imars.ro\/wp-content\/uploads\/2019\/06\/Hotel_Paris-683x1024.jpeg\" alt=\"H\u00f4tel de Paris \" width=\"683\" height=\"1024\" srcset=\"https:\/\/imars.ro\/wp-content\/uploads\/2019\/06\/Hotel_Paris-683x1024.jpeg 683w, https:\/\/imars.ro\/wp-content\/uploads\/2019\/06\/Hotel_Paris-200x300.jpeg 200w, https:\/\/imars.ro\/wp-content\/uploads\/2019\/06\/Hotel_Paris-768x1152.jpeg 768w, https:\/\/imars.ro\/wp-content\/uploads\/2019\/06\/Hotel_Paris-579x869.jpeg 579w, https:\/\/imars.ro\/wp-content\/uploads\/2019\/06\/Hotel_Paris-615x923.jpeg 615w, https:\/\/imars.ro\/wp-content\/uploads\/2019\/06\/Hotel_Paris-800x1200.jpeg 800w, https:\/\/imars.ro\/wp-content\/uploads\/2019\/06\/Hotel_Paris-512x768.jpeg 512w\" sizes=\"auto, (max-width: 683px) 100vw, 683px\" \/><figcaption id=\"caption-attachment-614\" class=\"wp-caption-text\"><em><strong>H\u00f4tel de Paris <\/strong><\/em><\/figcaption><\/figure>\n<p>P\u00e2n\u0103 \u0219i cei care din motive personale, nu doresc s\u0103 lase niciun sfan\u021b, pot vizita <a href=\"https:\/\/www.visitmonaco.com\/us\/place\/the-gardens\/95\/the-japanese-garden\">Gr\u0103dina Japonez\u0103<\/a>, numai bun\u0103 de f\u0103cut poze pentru Instagram sau dealul unde se afl\u0103 <a href=\"https:\/\/en.wikipedia.org\/wiki\/Prince%27s_Palace_of_Monaco\">Palatul Princiar<\/a> \u0219i de unde se pot bucura de o priveli\u0219te asupra \u00eentregului principat \u0219i chiar mai departe. Intrarea \u00een Palat cost\u0103, taic\u0103, vreo 8 euro de c\u0103ciul\u0103!<\/p>\n<figure id=\"attachment_622\" aria-describedby=\"caption-attachment-622\" style=\"width: 964px\" class=\"wp-caption aligncenter\"><img loading=\"lazy\" decoding=\"async\" class=\"wp-image-622 size-large\" src=\"http:\/\/imars.ro\/wp-content\/uploads\/2019\/06\/Rocher_de_Monaco-1024x683.jpg\" alt=\"Rock of Monaco\" width=\"964\" height=\"643\" srcset=\"https:\/\/imars.ro\/wp-content\/uploads\/2019\/06\/Rocher_de_Monaco-1024x683.jpg 1024w, https:\/\/imars.ro\/wp-content\/uploads\/2019\/06\/Rocher_de_Monaco-300x200.jpg 300w, https:\/\/imars.ro\/wp-content\/uploads\/2019\/06\/Rocher_de_Monaco-768x512.jpg 768w, https:\/\/imars.ro\/wp-content\/uploads\/2019\/06\/Rocher_de_Monaco-579x386.jpg 579w, https:\/\/imars.ro\/wp-content\/uploads\/2019\/06\/Rocher_de_Monaco-615x410.jpg 615w, https:\/\/imars.ro\/wp-content\/uploads\/2019\/06\/Rocher_de_Monaco-800x533.jpg 800w, https:\/\/imars.ro\/wp-content\/uploads\/2019\/06\/Rocher_de_Monaco-512x341.jpg 512w\" sizes=\"auto, (max-width: 964px) 100vw, 964px\" \/><figcaption id=\"caption-attachment-622\" class=\"wp-caption-text\"><em><strong>Rock of Monaco<\/strong><\/em><\/figcaption><\/figure>\n<figure id=\"attachment_608\" aria-describedby=\"caption-attachment-608\" style=\"width: 683px\" class=\"wp-caption aligncenter\"><img loading=\"lazy\" decoding=\"async\" class=\"wp-image-608 size-large\" src=\"http:\/\/imars.ro\/wp-content\/uploads\/2019\/06\/Drumul_spre_Palat-683x1024.jpeg\" alt=\"Drumul spre Palat\" width=\"683\" height=\"1024\" srcset=\"https:\/\/imars.ro\/wp-content\/uploads\/2019\/06\/Drumul_spre_Palat-683x1024.jpeg 683w, https:\/\/imars.ro\/wp-content\/uploads\/2019\/06\/Drumul_spre_Palat-200x300.jpeg 200w, https:\/\/imars.ro\/wp-content\/uploads\/2019\/06\/Drumul_spre_Palat-768x1152.jpeg 768w, https:\/\/imars.ro\/wp-content\/uploads\/2019\/06\/Drumul_spre_Palat-579x868.jpeg 579w, https:\/\/imars.ro\/wp-content\/uploads\/2019\/06\/Drumul_spre_Palat-615x922.jpeg 615w, https:\/\/imars.ro\/wp-content\/uploads\/2019\/06\/Drumul_spre_Palat-800x1200.jpeg 800w, https:\/\/imars.ro\/wp-content\/uploads\/2019\/06\/Drumul_spre_Palat-512x768.jpeg 512w\" sizes=\"auto, (max-width: 683px) 100vw, 683px\" \/><figcaption id=\"caption-attachment-608\" class=\"wp-caption-text\"><em><strong>Drumul spre Palat<\/strong><\/em><\/figcaption><\/figure>\n<figure id=\"attachment_618\" aria-describedby=\"caption-attachment-618\" style=\"width: 683px\" class=\"wp-caption aligncenter\"><img loading=\"lazy\" decoding=\"async\" class=\"wp-image-618 size-large\" src=\"http:\/\/imars.ro\/wp-content\/uploads\/2019\/06\/Monaco_Palatul_princiar-683x1024.jpg\" alt=\"Palatul Princiar\" width=\"683\" height=\"1024\" srcset=\"https:\/\/imars.ro\/wp-content\/uploads\/2019\/06\/Monaco_Palatul_princiar-683x1024.jpg 683w, https:\/\/imars.ro\/wp-content\/uploads\/2019\/06\/Monaco_Palatul_princiar-200x300.jpg 200w, https:\/\/imars.ro\/wp-content\/uploads\/2019\/06\/Monaco_Palatul_princiar-768x1152.jpg 768w, https:\/\/imars.ro\/wp-content\/uploads\/2019\/06\/Monaco_Palatul_princiar-579x869.jpg 579w, https:\/\/imars.ro\/wp-content\/uploads\/2019\/06\/Monaco_Palatul_princiar-615x923.jpg 615w, https:\/\/imars.ro\/wp-content\/uploads\/2019\/06\/Monaco_Palatul_princiar-800x1200.jpg 800w, https:\/\/imars.ro\/wp-content\/uploads\/2019\/06\/Monaco_Palatul_princiar-512x768.jpg 512w\" sizes=\"auto, (max-width: 683px) 100vw, 683px\" \/><figcaption id=\"caption-attachment-618\" class=\"wp-caption-text\"><em><strong>Palatul Princiar<\/strong><\/em><\/figcaption><\/figure>\n<figure id=\"attachment_611\" aria-describedby=\"caption-attachment-611\" style=\"width: 683px\" class=\"wp-caption aligncenter\"><img loading=\"lazy\" decoding=\"async\" class=\"wp-image-611 size-large\" src=\"http:\/\/imars.ro\/wp-content\/uploads\/2019\/06\/Garda_Palat_princiar-683x1024.jpeg\" alt=\"\" width=\"683\" height=\"1024\" srcset=\"https:\/\/imars.ro\/wp-content\/uploads\/2019\/06\/Garda_Palat_princiar-683x1024.jpeg 683w, https:\/\/imars.ro\/wp-content\/uploads\/2019\/06\/Garda_Palat_princiar-200x300.jpeg 200w, https:\/\/imars.ro\/wp-content\/uploads\/2019\/06\/Garda_Palat_princiar-768x1152.jpeg 768w, https:\/\/imars.ro\/wp-content\/uploads\/2019\/06\/Garda_Palat_princiar-579x868.jpeg 579w, https:\/\/imars.ro\/wp-content\/uploads\/2019\/06\/Garda_Palat_princiar-615x922.jpeg 615w, https:\/\/imars.ro\/wp-content\/uploads\/2019\/06\/Garda_Palat_princiar-800x1200.jpeg 800w, https:\/\/imars.ro\/wp-content\/uploads\/2019\/06\/Garda_Palat_princiar-512x768.jpeg 512w\" sizes=\"auto, (max-width: 683px) 100vw, 683px\" \/><figcaption id=\"caption-attachment-611\" class=\"wp-caption-text\"><em><strong>Gard\u0103 la Palatul Princiar<\/strong><\/em><\/figcaption><\/figure>\n<p>Iar pentru cei mici, f\u0103r\u0103 mu\u0219tar,&nbsp; <a href=\"https:\/\/www.oceano.mc\/en\">Muzeul Oceanografic<\/a> r\u0103m\u00e2ne principala atrac\u021bie.<\/p>\n<p>Pe final, pentru cei care vor s\u0103-\u0219i etaleze toba spart\u0103 \u00een celebrul tunel de Formula 1, \u00een perioada Marelui Premiu al Pricipatului Monaco, s\u0103 se preg\u0103teasc\u0103 moral de-o posibil\u0103 amend\u0103 de ~ 300 de euro \u0219i o pereche bun\u0103 de adida\u0219i pentru o c\u0103l\u0103torie de c\u00e2teva zile pe jos, poli\u021bi\u0219tii confisc\u00e2nd ma\u0219inile care perturb\u0103 lini\u0219tea public\u0103 pentru c\u00e2teva zile.<\/p>\n<p><img loading=\"lazy\" decoding=\"async\" class=\"size-large wp-image-610 aligncenter\" src=\"http:\/\/imars.ro\/wp-content\/uploads\/2019\/06\/Ferrari_monaco-683x1024.jpg\" alt=\"\" width=\"683\" height=\"1024\" srcset=\"https:\/\/imars.ro\/wp-content\/uploads\/2019\/06\/Ferrari_monaco-683x1024.jpg 683w, https:\/\/imars.ro\/wp-content\/uploads\/2019\/06\/Ferrari_monaco-200x300.jpg 200w, https:\/\/imars.ro\/wp-content\/uploads\/2019\/06\/Ferrari_monaco-768x1152.jpg 768w, https:\/\/imars.ro\/wp-content\/uploads\/2019\/06\/Ferrari_monaco-579x868.jpg 579w, https:\/\/imars.ro\/wp-content\/uploads\/2019\/06\/Ferrari_monaco-615x922.jpg 615w, https:\/\/imars.ro\/wp-content\/uploads\/2019\/06\/Ferrari_monaco-800x1200.jpg 800w, https:\/\/imars.ro\/wp-content\/uploads\/2019\/06\/Ferrari_monaco-512x768.jpg 512w\" sizes=\"auto, (max-width: 683px) 100vw, 683px\" \/><\/p>\n<p><img loading=\"lazy\" decoding=\"async\" class=\"size-large wp-image-625 aligncenter\" src=\"http:\/\/imars.ro\/wp-content\/uploads\/2019\/06\/Strada_in-_monaco-683x1024.jpeg\" alt=\"\" width=\"683\" height=\"1024\" srcset=\"https:\/\/imars.ro\/wp-content\/uploads\/2019\/06\/Strada_in-_monaco-683x1024.jpeg 683w, https:\/\/imars.ro\/wp-content\/uploads\/2019\/06\/Strada_in-_monaco-200x300.jpeg 200w, https:\/\/imars.ro\/wp-content\/uploads\/2019\/06\/Strada_in-_monaco-768x1152.jpeg 768w, https:\/\/imars.ro\/wp-content\/uploads\/2019\/06\/Strada_in-_monaco-579x868.jpeg 579w, https:\/\/imars.ro\/wp-content\/uploads\/2019\/06\/Strada_in-_monaco-615x922.jpeg 615w, https:\/\/imars.ro\/wp-content\/uploads\/2019\/06\/Strada_in-_monaco-800x1200.jpeg 800w, https:\/\/imars.ro\/wp-content\/uploads\/2019\/06\/Strada_in-_monaco-512x768.jpeg 512w\" sizes=\"auto, (max-width: 683px) 100vw, 683px\" \/><\/p>\n<figure id=\"attachment_623\" aria-describedby=\"caption-attachment-623\" style=\"width: 683px\" class=\"wp-caption aligncenter\"><img loading=\"lazy\" decoding=\"async\" class=\"wp-image-623 size-large\" src=\"http:\/\/imars.ro\/wp-content\/uploads\/2019\/06\/Saint_Devote_Chapel-683x1024.jpg\" alt=\"Saint Devote Chapel\" width=\"683\" height=\"1024\" srcset=\"https:\/\/imars.ro\/wp-content\/uploads\/2019\/06\/Saint_Devote_Chapel-683x1024.jpg 683w, https:\/\/imars.ro\/wp-content\/uploads\/2019\/06\/Saint_Devote_Chapel-200x300.jpg 200w, https:\/\/imars.ro\/wp-content\/uploads\/2019\/06\/Saint_Devote_Chapel-768x1152.jpg 768w, https:\/\/imars.ro\/wp-content\/uploads\/2019\/06\/Saint_Devote_Chapel-579x869.jpg 579w, https:\/\/imars.ro\/wp-content\/uploads\/2019\/06\/Saint_Devote_Chapel-615x923.jpg 615w, https:\/\/imars.ro\/wp-content\/uploads\/2019\/06\/Saint_Devote_Chapel-800x1200.jpg 800w, https:\/\/imars.ro\/wp-content\/uploads\/2019\/06\/Saint_Devote_Chapel-512x768.jpg 512w\" sizes=\"auto, (max-width: 683px) 100vw, 683px\" \/><figcaption id=\"caption-attachment-623\" class=\"wp-caption-text\"><em><strong>Saint Devote Chapel<\/strong><\/em><\/figcaption><\/figure>\n<figure id=\"attachment_624\" aria-describedby=\"caption-attachment-624\" style=\"width: 683px\" class=\"wp-caption aligncenter\"><img loading=\"lazy\" decoding=\"async\" class=\"wp-image-624 size-large\" src=\"http:\/\/imars.ro\/wp-content\/uploads\/2019\/06\/Saint_Devote_Chapel_interior-683x1024.jpg\" alt=\"Saint Devote Chapel interior\" width=\"683\" height=\"1024\" srcset=\"https:\/\/imars.ro\/wp-content\/uploads\/2019\/06\/Saint_Devote_Chapel_interior-683x1024.jpg 683w, https:\/\/imars.ro\/wp-content\/uploads\/2019\/06\/Saint_Devote_Chapel_interior-200x300.jpg 200w, https:\/\/imars.ro\/wp-content\/uploads\/2019\/06\/Saint_Devote_Chapel_interior-768x1152.jpg 768w, https:\/\/imars.ro\/wp-content\/uploads\/2019\/06\/Saint_Devote_Chapel_interior-579x869.jpg 579w, https:\/\/imars.ro\/wp-content\/uploads\/2019\/06\/Saint_Devote_Chapel_interior-615x923.jpg 615w, https:\/\/imars.ro\/wp-content\/uploads\/2019\/06\/Saint_Devote_Chapel_interior-800x1200.jpg 800w, https:\/\/imars.ro\/wp-content\/uploads\/2019\/06\/Saint_Devote_Chapel_interior-512x768.jpg 512w\" sizes=\"auto, (max-width: 683px) 100vw, 683px\" \/><figcaption id=\"caption-attachment-624\" class=\"wp-caption-text\"><em><strong>Saint Devote Chapel interior<\/strong><\/em><\/figcaption><\/figure>\n<p><img loading=\"lazy\" decoding=\"async\" class=\"size-large wp-image-609 aligncenter\" src=\"http:\/\/imars.ro\/wp-content\/uploads\/2019\/06\/Fantana_Monte_Carlo_Monaco-1024x683.jpeg\" alt=\"\" width=\"964\" height=\"643\" srcset=\"https:\/\/imars.ro\/wp-content\/uploads\/2019\/06\/Fantana_Monte_Carlo_Monaco-1024x683.jpeg 1024w, https:\/\/imars.ro\/wp-content\/uploads\/2019\/06\/Fantana_Monte_Carlo_Monaco-300x200.jpeg 300w, https:\/\/imars.ro\/wp-content\/uploads\/2019\/06\/Fantana_Monte_Carlo_Monaco-768x512.jpeg 768w, https:\/\/imars.ro\/wp-content\/uploads\/2019\/06\/Fantana_Monte_Carlo_Monaco-579x386.jpeg 579w, https:\/\/imars.ro\/wp-content\/uploads\/2019\/06\/Fantana_Monte_Carlo_Monaco-615x410.jpeg 615w, https:\/\/imars.ro\/wp-content\/uploads\/2019\/06\/Fantana_Monte_Carlo_Monaco-800x533.jpeg 800w, https:\/\/imars.ro\/wp-content\/uploads\/2019\/06\/Fantana_Monte_Carlo_Monaco-512x341.jpeg 512w\" sizes=\"auto, (max-width: 964px) 100vw, 964px\" \/><\/p>\n","protected":false},"excerpt":{"rendered":"<p>Riviera Francez\u0103 d\u0103inuie \u00een mintea mea \u00eenc\u0103 de c\u00e2nd eram mic copil, conturat\u0103 nebulos de filmele difuzate \u00een cadrul emisiunii Telecinemateca, pe care le vizionam mai ales iarna, c\u00e2nd afar\u0103 se \u00eentuneca devreme \u0219i era prea frig de rupt b\u0103t\u0103tura \u00een dou\u0103. \u0218i cum op\u021biunile erau limitate,&nbsp; varianta optima era &hellip;<\/p>\n","protected":false},"author":1,"featured_media":616,"comment_status":"open","ping_status":"open","sticky":false,"template":"","format":"standard","meta":{"footnotes":""},"categories":[6],"tags":[10,12,11],"class_list":["post-601","post","type-post","status-publish","format-standard","has-post-thumbnail","hentry","category-travel","tag-ghid-monaco","tag-locuri-de-lux-pentru-saraci","tag-locuri-de-top-in-monaco"],"_links":{"self":[{"href":"https:\/\/imars.ro\/index.php?rest_route=\/wp\/v2\/posts\/601","targetHints":{"allow":["GET"]}}],"collection":[{"href":"https:\/\/imars.ro\/index.php?rest_route=\/wp\/v2\/posts"}],"about":[{"href":"https:\/\/imars.ro\/index.php?rest_route=\/wp\/v2\/types\/post"}],"author":[{"embeddable":true,"href":"https:\/\/imars.ro\/index.php?rest_route=\/wp\/v2\/users\/1"}],"replies":[{"embeddable":true,"href":"https:\/\/imars.ro\/index.php?rest_route=%2Fwp%2Fv2%2Fcomments&post=601"}],"version-history":[{"count":9,"href":"https:\/\/imars.ro\/index.php?rest_route=\/wp\/v2\/posts\/601\/revisions"}],"predecessor-version":[{"id":653,"href":"https:\/\/imars.ro\/index.php?rest_route=\/wp\/v2\/posts\/601\/revisions\/653"}],"wp:featuredmedia":[{"embeddable":true,"href":"https:\/\/imars.ro\/index.php?rest_route=\/wp\/v2\/media\/616"}],"wp:attachment":[{"href":"https:\/\/imars.ro\/index.php?rest_route=%2Fwp%2Fv2%2Fmedia&parent=601"}],"wp:term":[{"taxonomy":"category","embeddable":true,"href":"https:\/\/imars.ro\/index.php?rest_route=%2Fwp%2Fv2%2Fcategories&post=601"},{"taxonomy":"post_tag","embeddable":true,"href":"https:\/\/imars.ro\/index.php?rest_route=%2Fwp%2Fv2%2Ftags&post=601"}],"curies":[{"name":"wp","href":"https:\/\/api.w.org\/{rel}","templated":true}]}}