{"id":718,"date":"2020-11-05T10:59:25","date_gmt":"2020-11-05T10:59:25","guid":{"rendered":"https:\/\/imars.ro\/?p=718"},"modified":"2020-11-05T17:48:06","modified_gmt":"2020-11-05T17:48:06","slug":"el-dorado-romanesc","status":"publish","type":"post","link":"https:\/\/imars.ro\/?p=718","title":{"rendered":"&#8220;El Dorado&#8221; rom\u00e2nesc"},"content":{"rendered":"<p><iframe loading=\"lazy\" src=\"https:\/\/www.youtube.com\/embed\/cUpEW8Vw5T8\" width=\"560\" height=\"315\" frameborder=\"0\" allowfullscreen=\"allowfullscreen\"><\/iframe><\/p>\n<div dir=\"ltr\">\n<div>\u00a0<\/div>\n<\/div>\n<div dir=\"ltr\">\n<div>\u00a0<\/div>\n<\/div>\n<div dir=\"ltr\">\n<div>\u00a0Privind cu jind la planurile de c\u0103l\u0103torie m\u0103turate de uraganul insensibil care a\u0219teapt\u0103 ca un Nazgul s\u0103-\u021bi taie elanul pe termen lung, m-am l\u0103sat purtat de val \u0219i-am luat bilete de azi pe m\u00e2ine spre &#8220;El Dorado&#8221; rom\u00e2nesc. Ora\u0219ul l\u0103udat \u00een ultimii ani, mai ceva ca mersul pe ap\u0103 a lui Iisus.\n<p>\u00a0<\/p>\n<p>Covidul a amplificat foamea companiilor aeriene low cost care mu\u0219c\u0103 acum din cele de linie, ca o hait\u0103 de lupi flam\u00e2nzi. \u00cen viitorul apropiat, unele companii o s\u0103-\u0219i pun\u0103 e\u0219arfa-n cui, dup\u0103 ce vor fi devorate p\u00e2n\u0103 la os de celelalte.<\/p>\n<p>Am observat cum cei de la Blue Air au urmat politica celor de la Ryanair \u0219i au oferit, pentru o perioad\u0103 scurt\u0103, bilete la pre\u021b de dumping la cursele interne, mai ales dup\u0103 ce au declan\u0219at procedura de concordat preventiv. De\u0219i nu mai \u021bin minte dac\u0103 p\u00e2n\u0103 acum am mai c\u0103l\u0103torit cu ei pe vreun segment de zbor, acum cu siguran\u021b\u0103 o s\u0103-mi amintesc, mai ales cursa de \u00eentoarcere, atunci c\u00e2nd au men\u021bionat c\u0103 pe l\u00e2ng\u0103 pilot se afla \u0219i instructorul de zbor, practic m-am \u00eentors cu &#8220;\u0219coala de \u0219oferi&#8221;.<br \/><img loading=\"lazy\" decoding=\"async\" class=\"size-large wp-image-720 aligncenter\" src=\"https:\/\/imars.ro\/wp-content\/uploads\/2020\/11\/Blue_air-768x1024.jpg\" alt=\"\" width=\"768\" height=\"1024\" srcset=\"https:\/\/imars.ro\/wp-content\/uploads\/2020\/11\/Blue_air-768x1024.jpg 768w, https:\/\/imars.ro\/wp-content\/uploads\/2020\/11\/Blue_air-225x300.jpg 225w, https:\/\/imars.ro\/wp-content\/uploads\/2020\/11\/Blue_air-1152x1536.jpg 1152w, https:\/\/imars.ro\/wp-content\/uploads\/2020\/11\/Blue_air-1536x2048.jpg 1536w, https:\/\/imars.ro\/wp-content\/uploads\/2020\/11\/Blue_air-579x772.jpg 579w, https:\/\/imars.ro\/wp-content\/uploads\/2020\/11\/Blue_air-615x820.jpg 615w, https:\/\/imars.ro\/wp-content\/uploads\/2020\/11\/Blue_air-800x1067.jpg 800w, https:\/\/imars.ro\/wp-content\/uploads\/2020\/11\/Blue_air-512x683.jpg 512w, https:\/\/imars.ro\/wp-content\/uploads\/2020\/11\/Blue_air-scaled.jpg 1920w\" sizes=\"auto, (max-width: 768px) 100vw, 768px\" \/><\/p>\n<p>Planul pentru Oradea a fost \u00een ton cu pandemia, hotel \u00een centru \u0219i restul adaptare la fa\u021ba locului. Nici m\u0103car nu m-am obosit s\u0103 m\u0103 uit cum se ajunge de la aeroport la hotel. M-am trezit c\u0103 Uber si Bolt &#8220;<em>nem tudom<\/em>&#8221; \u00een Oradea, noroc cu Free Now care \u00ee\u0219i face treaba. De\u0219i am o sc\u00e2rb\u0103 de taximetri\u0219ti, cei din Oradea \u00eenc\u0103 nu \u0219i-au pierdut bunul sim\u021b, iar taximetrele nu par certate cu sp\u0103l\u0103toriile.<\/p>\n<p>Drumul de la aeroport p\u00e2n\u0103 \u00een centrul ora\u0219ului n-a durat mai mult de 15 minute. Am petrecut mai mult timp ocolind \u0219antierul din fa\u021ba hotelului <strong><a href=\"https:\/\/www.oradeaheritage.ro\/palatul-sztarill-hotel-astoria-oradea\/\">Astoria<\/a><\/strong>. De\u0219i exteriorul hotelului a fost revitalizat, eviden\u021biind stilul neogotic, interiorul camerelor nu se ridic\u0103 la acela\u0219i nivel, cel mai mult m-a scos din s\u0103rite cear\u0219aful, care era mai \u00eengust ca salteaua. Trageam c\u00e2nd dintr-o parte, c\u00e2nd din cealalt\u0103 \u0219i m\u0103 str\u00e2mbam ca Mr.Bean c\u0103 nu reuseam s\u0103-l potrivesc. Totu\u0219i, cafeaua b\u0103ut\u0103 \u00een balconul cu deschidere spre\u00a0 Pia\u021ba Ferdinand (momentan \u00een renovare) sau chiar la Restaurantul de la parterul hotelului, \u00ee\u021bi induce o stare de lini\u0219te. Iar cea mai inspirat\u0103 alegere a fost de a lua <a href=\"https:\/\/www.instagram.com\/p\/CDy3Klglrmh\/\"><strong>micul dejun<\/strong><\/a> la terasa restaurantului \u0219i nu la bufetul hotelului.\u00a0Eram curios dac\u0103 turnul hotelului se poate vizita, doar c\u0103 am uitat s\u0103 \u00eentreb.<\/p>\n<\/div>\n<\/div>\n<div dir=\"ltr\">\n<div>\u00a0<\/div>\n<\/div>\n<div dir=\"ltr\">\n<div>\n<figure id=\"attachment_721\" aria-describedby=\"caption-attachment-721\" style=\"width: 662px\" class=\"wp-caption aligncenter\"><img loading=\"lazy\" decoding=\"async\" class=\"wp-image-721 size-large\" src=\"https:\/\/imars.ro\/wp-content\/uploads\/2020\/11\/Hotel_Astoria-662x1024.jpg\" alt=\"\" width=\"662\" height=\"1024\" srcset=\"https:\/\/imars.ro\/wp-content\/uploads\/2020\/11\/Hotel_Astoria-662x1024.jpg 662w, https:\/\/imars.ro\/wp-content\/uploads\/2020\/11\/Hotel_Astoria-194x300.jpg 194w, https:\/\/imars.ro\/wp-content\/uploads\/2020\/11\/Hotel_Astoria-768x1188.jpg 768w, https:\/\/imars.ro\/wp-content\/uploads\/2020\/11\/Hotel_Astoria-993x1536.jpg 993w, https:\/\/imars.ro\/wp-content\/uploads\/2020\/11\/Hotel_Astoria-1324x2048.jpg 1324w, https:\/\/imars.ro\/wp-content\/uploads\/2020\/11\/Hotel_Astoria-579x895.jpg 579w, https:\/\/imars.ro\/wp-content\/uploads\/2020\/11\/Hotel_Astoria-615x951.jpg 615w, https:\/\/imars.ro\/wp-content\/uploads\/2020\/11\/Hotel_Astoria-800x1237.jpg 800w, https:\/\/imars.ro\/wp-content\/uploads\/2020\/11\/Hotel_Astoria-512x792.jpg 512w, https:\/\/imars.ro\/wp-content\/uploads\/2020\/11\/Hotel_Astoria-scaled.jpg 1655w\" sizes=\"auto, (max-width: 662px) 100vw, 662px\" \/><figcaption id=\"caption-attachment-721\" class=\"wp-caption-text\"><em>Hotel Astoria<\/em><\/figcaption><\/figure>\n<\/div>\n<\/div>\n<div dir=\"ltr\">\n<div>\n<p>Nu departe de Pia\u021ba Ferdinand, se g\u0103se\u0219te\u00a0<strong><a href=\"https:\/\/www.oradeaheritage.ro\/palatul-moskovits-miksa\/\">Palatul Moskovits Miksa<\/a><\/strong>, cel\u00a0mai fotogenic obiectiv din Oradea. Cablurile de electricitate fiind \u00een antitez\u0103 cu palatul, deranj\u00e2nd vizual.<\/p>\n<\/div>\n<\/div>\n<div dir=\"ltr\">\n<div>\n<figure id=\"attachment_722\" aria-describedby=\"caption-attachment-722\" style=\"width: 683px\" class=\"wp-caption aligncenter\"><img loading=\"lazy\" decoding=\"async\" class=\"wp-image-722 size-large\" src=\"https:\/\/imars.ro\/wp-content\/uploads\/2020\/11\/Palatul_Moskovits_Miksa-683x1024.jpg\" alt=\"\" width=\"683\" height=\"1024\" srcset=\"https:\/\/imars.ro\/wp-content\/uploads\/2020\/11\/Palatul_Moskovits_Miksa-683x1024.jpg 683w, https:\/\/imars.ro\/wp-content\/uploads\/2020\/11\/Palatul_Moskovits_Miksa-200x300.jpg 200w, https:\/\/imars.ro\/wp-content\/uploads\/2020\/11\/Palatul_Moskovits_Miksa-768x1152.jpg 768w, https:\/\/imars.ro\/wp-content\/uploads\/2020\/11\/Palatul_Moskovits_Miksa-1024x1536.jpg 1024w, https:\/\/imars.ro\/wp-content\/uploads\/2020\/11\/Palatul_Moskovits_Miksa-1365x2048.jpg 1365w, https:\/\/imars.ro\/wp-content\/uploads\/2020\/11\/Palatul_Moskovits_Miksa-579x869.jpg 579w, https:\/\/imars.ro\/wp-content\/uploads\/2020\/11\/Palatul_Moskovits_Miksa-615x923.jpg 615w, https:\/\/imars.ro\/wp-content\/uploads\/2020\/11\/Palatul_Moskovits_Miksa-800x1200.jpg 800w, https:\/\/imars.ro\/wp-content\/uploads\/2020\/11\/Palatul_Moskovits_Miksa-512x768.jpg 512w, https:\/\/imars.ro\/wp-content\/uploads\/2020\/11\/Palatul_Moskovits_Miksa-scaled.jpg 1707w\" sizes=\"auto, (max-width: 683px) 100vw, 683px\" \/><figcaption id=\"caption-attachment-722\" class=\"wp-caption-text\"><a href=\"https:\/\/www.oradeaheritage.ro\/palatul-moskovits-miksa\/\"><em>Palatul Moskovits Miksa<\/em><\/a><\/figcaption><\/figure>\n<\/div>\n<\/div>\n<div dir=\"ltr\">\n<div>\n<p>L\u0103s\u00e2nd la o parte lucr\u0103rile de reabilitare care \u00eemp\u00e2nzesc ora\u0219ul \u0219i ascund de ochii curio\u0219ilor, pentru moment, importante ancore \u00een timp.\u00a0 Privit \u00een ansamblu, Oradea este un ora\u0219 bine definit datorit\u0103 trecutului. Mozaicul etnic \u0219i-a l\u0103sat amprenta de-a lungul timpului, pe numeroase cl\u0103diri, l\u0103s\u00e2nd \u00een urm\u0103 un muzeu al arhitecturii \u00een aer liber, \u00eent\u00e2lnind cel mai des stilurile baroc, eclectic \u0219i secession (Art Nouveau).<\/p>\n<\/div>\n<\/div>\n<div dir=\"ltr\">\n<div>\n<figure id=\"attachment_726\" aria-describedby=\"caption-attachment-726\" style=\"width: 768px\" class=\"wp-caption aligncenter\"><img loading=\"lazy\" decoding=\"async\" class=\"wp-image-726 size-large\" src=\"https:\/\/imars.ro\/wp-content\/uploads\/2020\/11\/Piata_Unirii_din_Oradea-768x1024.jpg\" alt=\"\" width=\"768\" height=\"1024\" srcset=\"https:\/\/imars.ro\/wp-content\/uploads\/2020\/11\/Piata_Unirii_din_Oradea-768x1024.jpg 768w, https:\/\/imars.ro\/wp-content\/uploads\/2020\/11\/Piata_Unirii_din_Oradea-225x300.jpg 225w, https:\/\/imars.ro\/wp-content\/uploads\/2020\/11\/Piata_Unirii_din_Oradea-1152x1536.jpg 1152w, https:\/\/imars.ro\/wp-content\/uploads\/2020\/11\/Piata_Unirii_din_Oradea-1536x2048.jpg 1536w, https:\/\/imars.ro\/wp-content\/uploads\/2020\/11\/Piata_Unirii_din_Oradea-579x772.jpg 579w, https:\/\/imars.ro\/wp-content\/uploads\/2020\/11\/Piata_Unirii_din_Oradea-615x820.jpg 615w, https:\/\/imars.ro\/wp-content\/uploads\/2020\/11\/Piata_Unirii_din_Oradea-800x1067.jpg 800w, https:\/\/imars.ro\/wp-content\/uploads\/2020\/11\/Piata_Unirii_din_Oradea-512x683.jpg 512w, https:\/\/imars.ro\/wp-content\/uploads\/2020\/11\/Piata_Unirii_din_Oradea-scaled.jpg 1920w\" sizes=\"auto, (max-width: 768px) 100vw, 768px\" \/><figcaption id=\"caption-attachment-726\" class=\"wp-caption-text\"><a href=\"https:\/\/www.oradeaheritage.ro\/palatul-vulturul-negru\/\"><em>Palatul Vulturul Negru<\/em><\/a><\/figcaption><\/figure>\n<p>\u00a0<\/p>\n<figure id=\"attachment_731\" aria-describedby=\"caption-attachment-731\" style=\"width: 673px\" class=\"wp-caption aligncenter\"><img loading=\"lazy\" decoding=\"async\" class=\"wp-image-731 size-large\" src=\"https:\/\/imars.ro\/wp-content\/uploads\/2020\/11\/Pasaj_Vulturul_Negru-673x1024.jpg\" alt=\"\" width=\"673\" height=\"1024\" srcset=\"https:\/\/imars.ro\/wp-content\/uploads\/2020\/11\/Pasaj_Vulturul_Negru-673x1024.jpg 673w, https:\/\/imars.ro\/wp-content\/uploads\/2020\/11\/Pasaj_Vulturul_Negru-197x300.jpg 197w, https:\/\/imars.ro\/wp-content\/uploads\/2020\/11\/Pasaj_Vulturul_Negru-768x1168.jpg 768w, https:\/\/imars.ro\/wp-content\/uploads\/2020\/11\/Pasaj_Vulturul_Negru-1010x1536.jpg 1010w, https:\/\/imars.ro\/wp-content\/uploads\/2020\/11\/Pasaj_Vulturul_Negru-1347x2048.jpg 1347w, https:\/\/imars.ro\/wp-content\/uploads\/2020\/11\/Pasaj_Vulturul_Negru-579x881.jpg 579w, https:\/\/imars.ro\/wp-content\/uploads\/2020\/11\/Pasaj_Vulturul_Negru-615x935.jpg 615w, https:\/\/imars.ro\/wp-content\/uploads\/2020\/11\/Pasaj_Vulturul_Negru-800x1217.jpg 800w, https:\/\/imars.ro\/wp-content\/uploads\/2020\/11\/Pasaj_Vulturul_Negru-512x779.jpg 512w, https:\/\/imars.ro\/wp-content\/uploads\/2020\/11\/Pasaj_Vulturul_Negru-scaled.jpg 1683w\" sizes=\"auto, (max-width: 673px) 100vw, 673px\" \/><figcaption id=\"caption-attachment-731\" class=\"wp-caption-text\"><a href=\"https:\/\/www.oradeaheritage.ro\/palatul-vulturul-negru\/\"><em>Pasaj Vulturul Negru<\/em><\/a><\/figcaption><\/figure>\n<p>Pentru cei pasiona\u021bi sau care vor s\u0103 afle istoria monumentelor de patrimoniu, detaliat \u0219i cu fotografii de referin\u021b\u0103, site-ul <em><strong><a href=\"https:\/\/www.oradeaheritage.ro\/patrimoniu-oradea\/\">Oradea Heritage<\/a><\/strong><\/em> este min\u0103 de aur.<\/p>\n<figure id=\"attachment_723\" aria-describedby=\"caption-attachment-723\" style=\"width: 768px\" class=\"wp-caption aligncenter\"><img loading=\"lazy\" decoding=\"async\" class=\"wp-image-723 size-large\" src=\"https:\/\/imars.ro\/wp-content\/uploads\/2020\/11\/Carol_Oradea-768x1024.jpg\" alt=\"\" width=\"768\" height=\"1024\" srcset=\"https:\/\/imars.ro\/wp-content\/uploads\/2020\/11\/Carol_Oradea-768x1024.jpg 768w, https:\/\/imars.ro\/wp-content\/uploads\/2020\/11\/Carol_Oradea-225x300.jpg 225w, https:\/\/imars.ro\/wp-content\/uploads\/2020\/11\/Carol_Oradea-1152x1536.jpg 1152w, https:\/\/imars.ro\/wp-content\/uploads\/2020\/11\/Carol_Oradea-1536x2048.jpg 1536w, https:\/\/imars.ro\/wp-content\/uploads\/2020\/11\/Carol_Oradea-579x772.jpg 579w, https:\/\/imars.ro\/wp-content\/uploads\/2020\/11\/Carol_Oradea-615x820.jpg 615w, https:\/\/imars.ro\/wp-content\/uploads\/2020\/11\/Carol_Oradea-800x1067.jpg 800w, https:\/\/imars.ro\/wp-content\/uploads\/2020\/11\/Carol_Oradea-512x683.jpg 512w, https:\/\/imars.ro\/wp-content\/uploads\/2020\/11\/Carol_Oradea-scaled.jpg 1920w\" sizes=\"auto, (max-width: 768px) 100vw, 768px\" \/><figcaption id=\"caption-attachment-723\" class=\"wp-caption-text\"><em>Pia\u021ba Unirii din Oradea<\/em><\/figcaption><\/figure>\n<p>C\u0103lc\u00e2nd pe s\u00e2ngele v\u0103rsat de mongoli, absorbit de \u021b\u0103r\u00e2na tasat\u0103 de c\u0103lc\u00e2iele iobagilor \u0219i netezit\u0103 de mantalele nobililor asupritori, drumul c\u0103tre axis mundi, mai exact c\u0103tre Pia\u021ba Unirii care ad\u0103poste\u0219te\u00a0 cl\u0103diri\u00a0emblematice precum\u00a0<strong><a href=\"https:\/\/www.oradeaheritage.ro\/palatul-vulturul-negru\/\">Palatul Vulturul Negru<\/a><\/strong>, <strong><a href=\"https:\/\/www.oradeaheritage.ro\/biserica-cu-luna\/\">Biserica cu Lun\u0103<\/a><\/strong>, <strong><a href=\"https:\/\/www.oradeaheritage.ro\/palatul-episcopal-greco-catolic\/\">Palatul Episcopal Greco-Catolic<\/a><\/strong> sau Palatul \u00eempreuna cu Turnul Primariei, nu poate fi dec\u00e2t o scurt\u0103 istorie \u00een timp. Biserica cu Luna, r\u0103m\u00e2ne pentru mine un obiectiv fascinant \u0219i nu datorit\u0103 mecanismului care indic\u0103 fazele lunii, ci faptul c\u0103 Horea (r\u0103sculatul) se afl\u0103 pictat pe iconostas, \u00een locul Domnului.<\/p>\n<figure id=\"attachment_732\" aria-describedby=\"caption-attachment-732\" style=\"width: 964px\" class=\"wp-caption aligncenter\"><img loading=\"lazy\" decoding=\"async\" class=\"wp-image-732 size-large\" src=\"https:\/\/imars.ro\/wp-content\/uploads\/2020\/11\/Tramvai_Oradea-1024x683.jpg\" alt=\"\" width=\"964\" height=\"643\" srcset=\"https:\/\/imars.ro\/wp-content\/uploads\/2020\/11\/Tramvai_Oradea-1024x683.jpg 1024w, https:\/\/imars.ro\/wp-content\/uploads\/2020\/11\/Tramvai_Oradea-300x200.jpg 300w, https:\/\/imars.ro\/wp-content\/uploads\/2020\/11\/Tramvai_Oradea-768x512.jpg 768w, https:\/\/imars.ro\/wp-content\/uploads\/2020\/11\/Tramvai_Oradea-1536x1024.jpg 1536w, https:\/\/imars.ro\/wp-content\/uploads\/2020\/11\/Tramvai_Oradea-2048x1365.jpg 2048w, https:\/\/imars.ro\/wp-content\/uploads\/2020\/11\/Tramvai_Oradea-579x386.jpg 579w, https:\/\/imars.ro\/wp-content\/uploads\/2020\/11\/Tramvai_Oradea-615x410.jpg 615w, https:\/\/imars.ro\/wp-content\/uploads\/2020\/11\/Tramvai_Oradea-800x533.jpg 800w, https:\/\/imars.ro\/wp-content\/uploads\/2020\/11\/Tramvai_Oradea-512x341.jpg 512w\" sizes=\"auto, (max-width: 964px) 100vw, 964px\" \/><figcaption id=\"caption-attachment-732\" class=\"wp-caption-text\"><em>Tramvai Oradea<\/em><\/figcaption><\/figure>\n<br \/>\n<figure id=\"attachment_733\" aria-describedby=\"caption-attachment-733\" style=\"width: 964px\" class=\"wp-caption aligncenter\"><img loading=\"lazy\" decoding=\"async\" class=\"wp-image-733 size-large\" src=\"https:\/\/imars.ro\/wp-content\/uploads\/2020\/11\/Piata_si_statuie-1024x768.jpg\" alt=\"\" width=\"964\" height=\"723\" srcset=\"https:\/\/imars.ro\/wp-content\/uploads\/2020\/11\/Piata_si_statuie-1024x768.jpg 1024w, https:\/\/imars.ro\/wp-content\/uploads\/2020\/11\/Piata_si_statuie-300x225.jpg 300w, https:\/\/imars.ro\/wp-content\/uploads\/2020\/11\/Piata_si_statuie-768x576.jpg 768w, https:\/\/imars.ro\/wp-content\/uploads\/2020\/11\/Piata_si_statuie-1536x1152.jpg 1536w, https:\/\/imars.ro\/wp-content\/uploads\/2020\/11\/Piata_si_statuie-2048x1536.jpg 2048w, https:\/\/imars.ro\/wp-content\/uploads\/2020\/11\/Piata_si_statuie-579x434.jpg 579w, https:\/\/imars.ro\/wp-content\/uploads\/2020\/11\/Piata_si_statuie-615x461.jpg 615w, https:\/\/imars.ro\/wp-content\/uploads\/2020\/11\/Piata_si_statuie-800x600.jpg 800w, https:\/\/imars.ro\/wp-content\/uploads\/2020\/11\/Piata_si_statuie-512x384.jpg 512w\" sizes=\"auto, (max-width: 964px) 100vw, 964px\" \/><figcaption id=\"caption-attachment-733\" class=\"wp-caption-text\"><em>Palatul Episcopal Greco-Catolic<\/em><\/figcaption><\/figure>\n<br \/>\n<figure id=\"attachment_734\" aria-describedby=\"caption-attachment-734\" style=\"width: 683px\" class=\"wp-caption aligncenter\"><img loading=\"lazy\" decoding=\"async\" class=\"wp-image-734 size-large\" src=\"https:\/\/imars.ro\/wp-content\/uploads\/2020\/11\/Biserica_cu_Luna_by_night-683x1024.jpg\" alt=\"\" width=\"683\" height=\"1024\" srcset=\"https:\/\/imars.ro\/wp-content\/uploads\/2020\/11\/Biserica_cu_Luna_by_night-683x1024.jpg 683w, https:\/\/imars.ro\/wp-content\/uploads\/2020\/11\/Biserica_cu_Luna_by_night-200x300.jpg 200w, https:\/\/imars.ro\/wp-content\/uploads\/2020\/11\/Biserica_cu_Luna_by_night-768x1152.jpg 768w, https:\/\/imars.ro\/wp-content\/uploads\/2020\/11\/Biserica_cu_Luna_by_night-1024x1536.jpg 1024w, https:\/\/imars.ro\/wp-content\/uploads\/2020\/11\/Biserica_cu_Luna_by_night-1365x2048.jpg 1365w, https:\/\/imars.ro\/wp-content\/uploads\/2020\/11\/Biserica_cu_Luna_by_night-579x869.jpg 579w, https:\/\/imars.ro\/wp-content\/uploads\/2020\/11\/Biserica_cu_Luna_by_night-615x923.jpg 615w, https:\/\/imars.ro\/wp-content\/uploads\/2020\/11\/Biserica_cu_Luna_by_night-800x1200.jpg 800w, https:\/\/imars.ro\/wp-content\/uploads\/2020\/11\/Biserica_cu_Luna_by_night-512x768.jpg 512w, https:\/\/imars.ro\/wp-content\/uploads\/2020\/11\/Biserica_cu_Luna_by_night-scaled.jpg 1707w\" sizes=\"auto, (max-width: 683px) 100vw, 683px\" \/><figcaption id=\"caption-attachment-734\" class=\"wp-caption-text\"><a href=\"https:\/\/www.oradeaheritage.ro\/biserica-cu-luna\/\"><em>Biserica cu Lun\u0103<\/em><\/a><\/figcaption><\/figure>\n<p>Planul de a urca \u00een Turnul Prim\u0103riei s-a ruinat la fel de repede cum Palatul Episcopal Greco-Catolic a luat foc \u00een 2018, ambele cl\u0103diri fiind inaccesibile din cauza lucr\u0103rilor de reabilitare.<\/p>\n<figure id=\"attachment_728\" aria-describedby=\"caption-attachment-728\" style=\"width: 964px\" class=\"wp-caption aligncenter\"><img loading=\"lazy\" decoding=\"async\" class=\"size-large wp-image-728\" src=\"https:\/\/imars.ro\/wp-content\/uploads\/2020\/11\/Oradea_la_asfintit-1024x768.jpg\" alt=\"Oradea la asfin\u0163it\" width=\"964\" height=\"723\" srcset=\"https:\/\/imars.ro\/wp-content\/uploads\/2020\/11\/Oradea_la_asfintit-1024x768.jpg 1024w, https:\/\/imars.ro\/wp-content\/uploads\/2020\/11\/Oradea_la_asfintit-300x225.jpg 300w, https:\/\/imars.ro\/wp-content\/uploads\/2020\/11\/Oradea_la_asfintit-768x576.jpg 768w, https:\/\/imars.ro\/wp-content\/uploads\/2020\/11\/Oradea_la_asfintit-1536x1152.jpg 1536w, https:\/\/imars.ro\/wp-content\/uploads\/2020\/11\/Oradea_la_asfintit-2048x1536.jpg 2048w, https:\/\/imars.ro\/wp-content\/uploads\/2020\/11\/Oradea_la_asfintit-579x434.jpg 579w, https:\/\/imars.ro\/wp-content\/uploads\/2020\/11\/Oradea_la_asfintit-615x461.jpg 615w, https:\/\/imars.ro\/wp-content\/uploads\/2020\/11\/Oradea_la_asfintit-800x600.jpg 800w, https:\/\/imars.ro\/wp-content\/uploads\/2020\/11\/Oradea_la_asfintit-512x384.jpg 512w\" sizes=\"auto, (max-width: 964px) 100vw, 964px\" \/><figcaption id=\"caption-attachment-728\" class=\"wp-caption-text\"><em>Oradea la asfin\u0163it<\/em><\/figcaption><\/figure>\n<p>Cum nu po\u021bi sta \u00eentr-un singur loc s\u0103 te ui\u021bi pe pere\u021bi, am decis s\u0103 schimb zidurile cu unele mai vechi sau cel pu\u021bin \u00een mintea mea. Credeam c\u0103 <strong><a href=\"https:\/\/www.oradeaheritage.ro\/cetatea-oradea\/\">Cetatea Oradea<\/a><\/strong> este cel mai vechi monument sau cel pu\u021bin teoretic, c\u0103 \u00een realitate se aseam\u0103n\u0103 cu o \u0219coal\u0103 sovietic\u0103. Cu pu\u021bin noroc a\u0219 fi prins deschis la Muzeul Cet\u0103\u021bii, doar c\u0103 tocmai ce intraser\u0103 \u00een pauza pentru dezinfec\u021bie, iar s\u0103 a\u0219tept un ceas \u00eentr-o curte cu c\u00e2teva umbrele singuratice a unei terase p\u0103rasite, p\u0103zite de benzi pentru delimitare, nu-\u021bi g\u00e2dil\u0103 serotonina.<\/p>\n<figure id=\"attachment_729\" aria-describedby=\"caption-attachment-729\" style=\"width: 964px\" class=\"wp-caption aligncenter\"><img loading=\"lazy\" decoding=\"async\" class=\"size-large wp-image-729\" src=\"https:\/\/imars.ro\/wp-content\/uploads\/2020\/11\/Cetatea_Oradea-1024x768.jpg\" alt=\"\" width=\"964\" height=\"723\" srcset=\"https:\/\/imars.ro\/wp-content\/uploads\/2020\/11\/Cetatea_Oradea-1024x768.jpg 1024w, https:\/\/imars.ro\/wp-content\/uploads\/2020\/11\/Cetatea_Oradea-300x225.jpg 300w, https:\/\/imars.ro\/wp-content\/uploads\/2020\/11\/Cetatea_Oradea-768x576.jpg 768w, https:\/\/imars.ro\/wp-content\/uploads\/2020\/11\/Cetatea_Oradea-1536x1152.jpg 1536w, https:\/\/imars.ro\/wp-content\/uploads\/2020\/11\/Cetatea_Oradea-2048x1536.jpg 2048w, https:\/\/imars.ro\/wp-content\/uploads\/2020\/11\/Cetatea_Oradea-579x434.jpg 579w, https:\/\/imars.ro\/wp-content\/uploads\/2020\/11\/Cetatea_Oradea-615x461.jpg 615w, https:\/\/imars.ro\/wp-content\/uploads\/2020\/11\/Cetatea_Oradea-800x600.jpg 800w, https:\/\/imars.ro\/wp-content\/uploads\/2020\/11\/Cetatea_Oradea-512x384.jpg 512w\" sizes=\"auto, (max-width: 964px) 100vw, 964px\" \/><figcaption id=\"caption-attachment-729\" class=\"wp-caption-text\"><a href=\"https:\/\/www.oradeaheritage.ro\/cetatea-oradea\/\"><em>Cetatea Oradea<\/em><\/a><\/figcaption><\/figure>\n<p>\u00a0 \u00a0\u00cen \u00eencercarea de a g\u0103si un loc de vizitat pe interior, am poposit la <strong><a href=\"https:\/\/www.oradeaheritage.ro\/sinagoga-neologa-sion\/\">Sinagoga Sion<\/a><\/strong>, care nu se compar\u0103 deloc cu Templul Coral din Bucure\u0219ti. Pove\u0219tile fabuloase \u0219i ghidul lipsesc cu des\u0103v\u00e2r\u0219ire. Din plictiseal\u0103, m-am apucat de num\u0103rat locurile din interior,\u00a0 care nu sunt 1000 la num\u0103r, cum se men\u021bioneaz\u0103.<\/p>\n<figure id=\"attachment_738\" aria-describedby=\"caption-attachment-738\" style=\"width: 683px\" class=\"wp-caption aligncenter\"><img loading=\"lazy\" decoding=\"async\" class=\"wp-image-738 size-large\" src=\"https:\/\/imars.ro\/wp-content\/uploads\/2020\/11\/Sinagoga_Sion-683x1024.jpg\" alt=\"\" width=\"683\" height=\"1024\" srcset=\"https:\/\/imars.ro\/wp-content\/uploads\/2020\/11\/Sinagoga_Sion-683x1024.jpg 683w, https:\/\/imars.ro\/wp-content\/uploads\/2020\/11\/Sinagoga_Sion-200x300.jpg 200w, https:\/\/imars.ro\/wp-content\/uploads\/2020\/11\/Sinagoga_Sion-768x1152.jpg 768w, https:\/\/imars.ro\/wp-content\/uploads\/2020\/11\/Sinagoga_Sion-1024x1536.jpg 1024w, https:\/\/imars.ro\/wp-content\/uploads\/2020\/11\/Sinagoga_Sion-1365x2048.jpg 1365w, https:\/\/imars.ro\/wp-content\/uploads\/2020\/11\/Sinagoga_Sion-579x869.jpg 579w, https:\/\/imars.ro\/wp-content\/uploads\/2020\/11\/Sinagoga_Sion-615x923.jpg 615w, https:\/\/imars.ro\/wp-content\/uploads\/2020\/11\/Sinagoga_Sion-800x1200.jpg 800w, https:\/\/imars.ro\/wp-content\/uploads\/2020\/11\/Sinagoga_Sion-512x768.jpg 512w, https:\/\/imars.ro\/wp-content\/uploads\/2020\/11\/Sinagoga_Sion-scaled.jpg 1707w\" sizes=\"auto, (max-width: 683px) 100vw, 683px\" \/><figcaption id=\"caption-attachment-738\" class=\"wp-caption-text\"><a href=\"https:\/\/www.oradeaheritage.ro\/sinagoga-neologa-sion\/\"><em>Sinagoga Sion<\/em><\/a><\/figcaption><\/figure>\n<p>Noroc cu Terasa The Dock, pe care am p\u00e2ng\u0103rit-o \u00een fiecare zi. Am g\u0103sit o \u00eenghe\u021bat\u0103 numai bun\u0103 s\u0103-\u021bi arunci glicemia \u00een aer.<\/p>\n<figure id=\"attachment_730\" aria-describedby=\"caption-attachment-730\" style=\"width: 964px\" class=\"wp-caption aligncenter\"><img loading=\"lazy\" decoding=\"async\" class=\"wp-image-730 size-large\" src=\"https:\/\/imars.ro\/wp-content\/uploads\/2020\/11\/The_Dock_Oradea-1024x683.jpg\" alt=\"\" width=\"964\" height=\"643\" srcset=\"https:\/\/imars.ro\/wp-content\/uploads\/2020\/11\/The_Dock_Oradea-1024x683.jpg 1024w, https:\/\/imars.ro\/wp-content\/uploads\/2020\/11\/The_Dock_Oradea-300x200.jpg 300w, https:\/\/imars.ro\/wp-content\/uploads\/2020\/11\/The_Dock_Oradea-768x512.jpg 768w, https:\/\/imars.ro\/wp-content\/uploads\/2020\/11\/The_Dock_Oradea-1536x1024.jpg 1536w, https:\/\/imars.ro\/wp-content\/uploads\/2020\/11\/The_Dock_Oradea-2048x1365.jpg 2048w, https:\/\/imars.ro\/wp-content\/uploads\/2020\/11\/The_Dock_Oradea-579x386.jpg 579w, https:\/\/imars.ro\/wp-content\/uploads\/2020\/11\/The_Dock_Oradea-615x410.jpg 615w, https:\/\/imars.ro\/wp-content\/uploads\/2020\/11\/The_Dock_Oradea-800x533.jpg 800w, https:\/\/imars.ro\/wp-content\/uploads\/2020\/11\/The_Dock_Oradea-512x341.jpg 512w\" sizes=\"auto, (max-width: 964px) 100vw, 964px\" \/><figcaption id=\"caption-attachment-730\" class=\"wp-caption-text\"><em>The Dock<\/em><\/figcaption><\/figure>\n<br \/>\n<p><img loading=\"lazy\" decoding=\"async\" width=\"768\" height=\"1024\" class=\"wp-image-742 size-full aligncenter\" src=\"https:\/\/imars.ro\/wp-content\/uploads\/2020\/11\/Inghetata_The_Dock.jpg\" alt=\"&quot;&lt;em\" srcset=\"https:\/\/imars.ro\/wp-content\/uploads\/2020\/11\/Inghetata_The_Dock.jpg 768w, https:\/\/imars.ro\/wp-content\/uploads\/2020\/11\/Inghetata_The_Dock-225x300.jpg 225w, https:\/\/imars.ro\/wp-content\/uploads\/2020\/11\/Inghetata_The_Dock-579x772.jpg 579w, https:\/\/imars.ro\/wp-content\/uploads\/2020\/11\/Inghetata_The_Dock-615x820.jpg 615w, https:\/\/imars.ro\/wp-content\/uploads\/2020\/11\/Inghetata_The_Dock-512x683.jpg 512w\" sizes=\"auto, (max-width: 768px) 100vw, 768px\" \/><\/p>\n<p><span style=\"font-size: inherit; text-indent: 1em;\">Concluzia o p\u0103strez pentru viitoarea vizit\u0103 \u00een Oradea.<\/span><\/p>\n<figure id=\"attachment_739\" aria-describedby=\"caption-attachment-739\" style=\"width: 683px\" class=\"wp-caption aligncenter\"><img loading=\"lazy\" decoding=\"async\" class=\"wp-image-739 size-large\" src=\"https:\/\/imars.ro\/wp-content\/uploads\/2020\/11\/Biserica_Evanghelica_asfintit-683x1024.jpg\" alt=\"\" width=\"683\" height=\"1024\" srcset=\"https:\/\/imars.ro\/wp-content\/uploads\/2020\/11\/Biserica_Evanghelica_asfintit-683x1024.jpg 683w, https:\/\/imars.ro\/wp-content\/uploads\/2020\/11\/Biserica_Evanghelica_asfintit-200x300.jpg 200w, https:\/\/imars.ro\/wp-content\/uploads\/2020\/11\/Biserica_Evanghelica_asfintit-768x1152.jpg 768w, https:\/\/imars.ro\/wp-content\/uploads\/2020\/11\/Biserica_Evanghelica_asfintit-1024x1536.jpg 1024w, https:\/\/imars.ro\/wp-content\/uploads\/2020\/11\/Biserica_Evanghelica_asfintit-1365x2048.jpg 1365w, https:\/\/imars.ro\/wp-content\/uploads\/2020\/11\/Biserica_Evanghelica_asfintit-579x869.jpg 579w, https:\/\/imars.ro\/wp-content\/uploads\/2020\/11\/Biserica_Evanghelica_asfintit-615x923.jpg 615w, https:\/\/imars.ro\/wp-content\/uploads\/2020\/11\/Biserica_Evanghelica_asfintit-800x1200.jpg 800w, https:\/\/imars.ro\/wp-content\/uploads\/2020\/11\/Biserica_Evanghelica_asfintit-512x768.jpg 512w, https:\/\/imars.ro\/wp-content\/uploads\/2020\/11\/Biserica_Evanghelica_asfintit-scaled.jpg 1707w\" sizes=\"auto, (max-width: 683px) 100vw, 683px\" \/><figcaption id=\"caption-attachment-739\" class=\"wp-caption-text\"><em>Biserica Evanghelic\u0103<\/em><\/figcaption><\/figure>\n<figure id=\"attachment_740\" aria-describedby=\"caption-attachment-740\" style=\"width: 683px\" class=\"wp-caption aligncenter\"><img loading=\"lazy\" decoding=\"async\" class=\"wp-image-740 size-large\" src=\"https:\/\/imars.ro\/wp-content\/uploads\/2020\/11\/Comunism_Oradea-683x1024.jpg\" alt=\"\" width=\"683\" height=\"1024\" srcset=\"https:\/\/imars.ro\/wp-content\/uploads\/2020\/11\/Comunism_Oradea-683x1024.jpg 683w, https:\/\/imars.ro\/wp-content\/uploads\/2020\/11\/Comunism_Oradea-200x300.jpg 200w, https:\/\/imars.ro\/wp-content\/uploads\/2020\/11\/Comunism_Oradea-768x1152.jpg 768w, https:\/\/imars.ro\/wp-content\/uploads\/2020\/11\/Comunism_Oradea-1024x1536.jpg 1024w, https:\/\/imars.ro\/wp-content\/uploads\/2020\/11\/Comunism_Oradea-1365x2048.jpg 1365w, https:\/\/imars.ro\/wp-content\/uploads\/2020\/11\/Comunism_Oradea-579x869.jpg 579w, https:\/\/imars.ro\/wp-content\/uploads\/2020\/11\/Comunism_Oradea-615x923.jpg 615w, https:\/\/imars.ro\/wp-content\/uploads\/2020\/11\/Comunism_Oradea-800x1200.jpg 800w, https:\/\/imars.ro\/wp-content\/uploads\/2020\/11\/Comunism_Oradea-512x768.jpg 512w, https:\/\/imars.ro\/wp-content\/uploads\/2020\/11\/Comunism_Oradea-scaled.jpg 1707w\" sizes=\"auto, (max-width: 683px) 100vw, 683px\" \/><figcaption id=\"caption-attachment-740\" class=\"wp-caption-text\">Partea gri a ora\u0219ului<\/figcaption><\/figure>\n<br \/>\n<figure id=\"attachment_736\" aria-describedby=\"caption-attachment-736\" style=\"width: 774px\" class=\"wp-caption aligncenter\"><img loading=\"lazy\" decoding=\"async\" class=\"wp-image-736 size-large\" src=\"https:\/\/imars.ro\/wp-content\/uploads\/2020\/11\/Fericire-774x1024.jpg\" alt=\"\" width=\"774\" height=\"1024\" srcset=\"https:\/\/imars.ro\/wp-content\/uploads\/2020\/11\/Fericire-774x1024.jpg 774w, https:\/\/imars.ro\/wp-content\/uploads\/2020\/11\/Fericire-227x300.jpg 227w, https:\/\/imars.ro\/wp-content\/uploads\/2020\/11\/Fericire-768x1016.jpg 768w, https:\/\/imars.ro\/wp-content\/uploads\/2020\/11\/Fericire-1161x1536.jpg 1161w, https:\/\/imars.ro\/wp-content\/uploads\/2020\/11\/Fericire-1548x2048.jpg 1548w, https:\/\/imars.ro\/wp-content\/uploads\/2020\/11\/Fericire-579x766.jpg 579w, https:\/\/imars.ro\/wp-content\/uploads\/2020\/11\/Fericire-615x814.jpg 615w, https:\/\/imars.ro\/wp-content\/uploads\/2020\/11\/Fericire-800x1059.jpg 800w, https:\/\/imars.ro\/wp-content\/uploads\/2020\/11\/Fericire-512x678.jpg 512w, https:\/\/imars.ro\/wp-content\/uploads\/2020\/11\/Fericire-scaled.jpg 1935w\" sizes=\"auto, (max-width: 774px) 100vw, 774px\" \/><figcaption id=\"caption-attachment-736\" class=\"wp-caption-text\"><em>&#8230;<\/em><\/figcaption><\/figure>\n<\/div>\n<\/div>\n\n\n<p class=\"wp-block-paragraph\"><\/p>\n","protected":false},"excerpt":{"rendered":"<p>\u00a0 \u00a0 \u00a0Privind cu jind la planurile de c\u0103l\u0103torie m\u0103turate de uraganul insensibil care a\u0219teapt\u0103 ca un Nazgul s\u0103-\u021bi taie elanul pe termen lung, m-am l\u0103sat purtat de val \u0219i-am luat bilete de azi pe m\u00e2ine spre &#8220;El Dorado&#8221; rom\u00e2nesc. Ora\u0219ul l\u0103udat \u00een ultimii ani, mai ceva ca mersul pe &hellip;<\/p>\n","protected":false},"author":1,"featured_media":719,"comment_status":"open","ping_status":"open","sticky":false,"template":"","format":"standard","meta":{"footnotes":""},"categories":[6],"tags":[36,37,33,35],"class_list":["post-718","post","type-post","status-publish","format-standard","has-post-thumbnail","hentry","category-travel","tag-el-dorado","tag-monumente-istorice","tag-oradea","tag-visit-oradea"],"_links":{"self":[{"href":"https:\/\/imars.ro\/index.php?rest_route=\/wp\/v2\/posts\/718","targetHints":{"allow":["GET"]}}],"collection":[{"href":"https:\/\/imars.ro\/index.php?rest_route=\/wp\/v2\/posts"}],"about":[{"href":"https:\/\/imars.ro\/index.php?rest_route=\/wp\/v2\/types\/post"}],"author":[{"embeddable":true,"href":"https:\/\/imars.ro\/index.php?rest_route=\/wp\/v2\/users\/1"}],"replies":[{"embeddable":true,"href":"https:\/\/imars.ro\/index.php?rest_route=%2Fwp%2Fv2%2Fcomments&post=718"}],"version-history":[{"count":12,"href":"https:\/\/imars.ro\/index.php?rest_route=\/wp\/v2\/posts\/718\/revisions"}],"predecessor-version":[{"id":751,"href":"https:\/\/imars.ro\/index.php?rest_route=\/wp\/v2\/posts\/718\/revisions\/751"}],"wp:featuredmedia":[{"embeddable":true,"href":"https:\/\/imars.ro\/index.php?rest_route=\/wp\/v2\/media\/719"}],"wp:attachment":[{"href":"https:\/\/imars.ro\/index.php?rest_route=%2Fwp%2Fv2%2Fmedia&parent=718"}],"wp:term":[{"taxonomy":"category","embeddable":true,"href":"https:\/\/imars.ro\/index.php?rest_route=%2Fwp%2Fv2%2Fcategories&post=718"},{"taxonomy":"post_tag","embeddable":true,"href":"https:\/\/imars.ro\/index.php?rest_route=%2Fwp%2Fv2%2Ftags&post=718"}],"curies":[{"name":"wp","href":"https:\/\/api.w.org\/{rel}","templated":true}]}}