{"id":93,"date":"2018-01-05T20:09:26","date_gmt":"2018-01-05T20:09:26","guid":{"rendered":"http:\/\/catalinx.ro\/mars\/?p=93"},"modified":"2019-03-23T07:21:24","modified_gmt":"2019-03-23T07:21:24","slug":"trenul-vietii","status":"publish","type":"post","link":"https:\/\/imars.ro\/?p=93","title":{"rendered":"Trenul vie\u0163ii"},"content":{"rendered":"<p><img loading=\"lazy\" decoding=\"async\" class=\"alignleft wp-image-94 size-medium\" src=\"http:\/\/imars.ro\/wp-content\/uploads\/2018\/01\/IMG_2184-300x225.jpg\" alt=\"Calatorie cu trenul iarna | Frig\" width=\"300\" height=\"225\" \/>\u00a0 \u00a0\u00a0\u00a0\u00cenc\u0103 \u00eencerc s\u0103 \u00eenteleg dac\u0103 sunt eu ghinionist sau \u0103\u0219tia \u00ee\u0219i bat joc de mine\u00a0ori poate sunt pesedi\u0219ti \u0219i au aflat c\u0103 am fost \u0219i eu la protest. M\u0103 bucuram ca un copil mic\u00a0 c\u0103 am nimerit vagonul aproape gol \u0219i mai ales c\u0103 st\u0103team departe de o doamn\u0103 cu fuste. Era din ce in ce mai bine, masa toat\u0103 a mea, priz\u0103, caldur\u0103\u00a0 ca o briz\u0103 u\u0219oar\u0103 de toamn\u0103, doar c\u0103 pe drum am observat c\u0103 m\u0103 trage muntele la \u0219ale. Aproape de Sinaia se f\u0103cuser\u0103 deja \u021bur\u021buri pe geam \u0219i gradele se preg\u0103teau s\u0103 loveasc\u0103 decisiv \u00een 0. Inspec\u021bia regulamentar\u0103 prin vagon mi-a dovedit c\u0103 doar \u00een zona mea se stricase aeroterma. Salvat de gara din Sinaia, trenul z\u0103pezii merit\u0103 cu des\u0103v\u00e2r\u0219ire numele.<\/p>\n<p>La c\u00e2t mai multe c\u0103l\u0103torii cu sau f\u0103r\u0103 geac\u0103 pe mine!<\/p>\n","protected":false},"excerpt":{"rendered":"<p>\u00a0 \u00a0\u00a0\u00a0\u00cenc\u0103 \u00eencerc s\u0103 \u00eenteleg dac\u0103 sunt eu ghinionist sau \u0103\u0219tia \u00ee\u0219i bat joc de mine\u00a0ori poate sunt pesedi\u0219ti \u0219i au aflat c\u0103 am fost \u0219i eu la protest. M\u0103 bucuram ca un copil mic\u00a0 c\u0103 am nimerit vagonul aproape gol \u0219i mai ales c\u0103 st\u0103team departe de o doamn\u0103 &hellip;<\/p>\n","protected":false},"author":1,"featured_media":94,"comment_status":"open","ping_status":"open","sticky":false,"template":"","format":"standard","meta":{"footnotes":""},"categories":[5],"tags":[],"class_list":["post-93","post","type-post","status-publish","format-standard","has-post-thumbnail","hentry","category-blog"],"_links":{"self":[{"href":"https:\/\/imars.ro\/index.php?rest_route=\/wp\/v2\/posts\/93","targetHints":{"allow":["GET"]}}],"collection":[{"href":"https:\/\/imars.ro\/index.php?rest_route=\/wp\/v2\/posts"}],"about":[{"href":"https:\/\/imars.ro\/index.php?rest_route=\/wp\/v2\/types\/post"}],"author":[{"embeddable":true,"href":"https:\/\/imars.ro\/index.php?rest_route=\/wp\/v2\/users\/1"}],"replies":[{"embeddable":true,"href":"https:\/\/imars.ro\/index.php?rest_route=%2Fwp%2Fv2%2Fcomments&post=93"}],"version-history":[{"count":4,"href":"https:\/\/imars.ro\/index.php?rest_route=\/wp\/v2\/posts\/93\/revisions"}],"predecessor-version":[{"id":501,"href":"https:\/\/imars.ro\/index.php?rest_route=\/wp\/v2\/posts\/93\/revisions\/501"}],"wp:featuredmedia":[{"embeddable":true,"href":"https:\/\/imars.ro\/index.php?rest_route=\/wp\/v2\/media\/94"}],"wp:attachment":[{"href":"https:\/\/imars.ro\/index.php?rest_route=%2Fwp%2Fv2%2Fmedia&parent=93"}],"wp:term":[{"taxonomy":"category","embeddable":true,"href":"https:\/\/imars.ro\/index.php?rest_route=%2Fwp%2Fv2%2Fcategories&post=93"},{"taxonomy":"post_tag","embeddable":true,"href":"https:\/\/imars.ro\/index.php?rest_route=%2Fwp%2Fv2%2Ftags&post=93"}],"curies":[{"name":"wp","href":"https:\/\/api.w.org\/{rel}","templated":true}]}}