{"id":98,"date":"2018-01-05T20:29:43","date_gmt":"2018-01-05T20:29:43","guid":{"rendered":"http:\/\/catalinx.ro\/mars\/?p=98"},"modified":"2019-02-24T16:19:09","modified_gmt":"2019-02-24T16:19:09","slug":"ryanair","status":"publish","type":"post","link":"https:\/\/imars.ro\/?p=98","title":{"rendered":"Ryanair"},"content":{"rendered":"<figure id=\"attachment_95\" aria-describedby=\"caption-attachment-95\" style=\"width: 642px\" class=\"wp-caption aligncenter\"><a href=\"http:\/\/imars.ro\/wp-content\/uploads\/2018\/01\/MAR_8257-e1515183743259.jpg\"><img loading=\"lazy\" decoding=\"async\" class=\"wp-image-95 size-large\" src=\"http:\/\/imars.ro\/wp-content\/uploads\/2018\/01\/MAR_8257-1024x683.jpg\" alt=\"MAR_8257\" width=\"642\" height=\"428\"><\/a><figcaption id=\"caption-attachment-95\" class=\"wp-caption-text\">pe aeroportul din Atena<\/figcaption><\/figure>\n<p>Se pare c\u0103 s-au adunat deja vreo 4 zboruri cu Ryanair \u0219i \u00eenc\u0103 nu am ie\u0219it la pensie, nici nu ies prea cur\u00e2nd, sper. Mai am c\u00e2teva zboruri cu ei de onorat \u0219i dup\u0103 s\u0103 vedem ce se mai coace. Am prins experien\u021b\u0103 la aterizare,m\u0103 \u021bin strans cu din\u021bii de scaunul din fa\u021b\u0103 s\u0103 nu mai iau toate \u0219ocurile \u00een piept.<\/p>\n<p>A mai r\u0103mas problema celor care c\u0103l\u0103toresc cu el. O parte din ei cred c\u0103 sunt dintr-un trib inc\u0103 nedescoperit din Romulania, rud\u0103 apropiat\u0103 cu combinatozaurul comunist. \u00cen general lumea prefer\u0103 s\u0103 nu pl\u0103teasc\u0103 taxe \u00een plus pentru un loc preferen\u021bial, dar totu\u0219i se g\u00e2ndesc cum s\u0103 fenteze ei sistemul s\u0103 stea cum \u0219i unde doresc, chiar dac\u0103 asta poate duce p\u00e2n\u0103 la decalarea zborului, nu le pas\u0103, c\u0103 dup\u0103 ce se v\u0103d cu sacii \u00een bagajul de man\u0103, au ei timp s\u0103 le bat\u0103 obrazul companiei aeriene \u0219i pentru delay. Mo\u0219ii sunt imposibili c\u00e2nd e vorba de a\u0219ezat unul lang\u00e2 altul, chiar dac\u0103 au locurile total opuse. Pur \u0219i simplu nu le pas\u0103 dac\u0103 cel\u0103lalt are loc pl\u0103tit, s-a a\u0219ezat primul, e al lui, ca pe timpul lu\u2019 Ceasc\u0103. Sunt a\u0219a de obositori de \u00eencepi s\u0103 fugi de ei ca de \u021bigani.<\/p>\n<p>La anu\u2019 \u0219i la mul\u021bi ani!<\/p>\n","protected":false},"excerpt":{"rendered":"<p>Se pare c\u0103 s-au adunat deja vreo 4 zboruri cu Ryanair \u0219i \u00eenc\u0103 nu am ie\u0219it la pensie, nici nu ies prea cur\u00e2nd, sper. Mai am c\u00e2teva zboruri cu ei de onorat \u0219i dup\u0103 s\u0103 vedem ce se mai coace. Am prins experien\u021b\u0103 la aterizare,m\u0103 \u021bin strans cu din\u021bii de &hellip;<\/p>\n","protected":false},"author":1,"featured_media":95,"comment_status":"open","ping_status":"open","sticky":false,"template":"","format":"standard","meta":{"footnotes":""},"categories":[5],"tags":[],"class_list":["post-98","post","type-post","status-publish","format-standard","has-post-thumbnail","hentry","category-blog"],"_links":{"self":[{"href":"https:\/\/imars.ro\/index.php?rest_route=\/wp\/v2\/posts\/98","targetHints":{"allow":["GET"]}}],"collection":[{"href":"https:\/\/imars.ro\/index.php?rest_route=\/wp\/v2\/posts"}],"about":[{"href":"https:\/\/imars.ro\/index.php?rest_route=\/wp\/v2\/types\/post"}],"author":[{"embeddable":true,"href":"https:\/\/imars.ro\/index.php?rest_route=\/wp\/v2\/users\/1"}],"replies":[{"embeddable":true,"href":"https:\/\/imars.ro\/index.php?rest_route=%2Fwp%2Fv2%2Fcomments&post=98"}],"version-history":[{"count":3,"href":"https:\/\/imars.ro\/index.php?rest_route=\/wp\/v2\/posts\/98\/revisions"}],"predecessor-version":[{"id":368,"href":"https:\/\/imars.ro\/index.php?rest_route=\/wp\/v2\/posts\/98\/revisions\/368"}],"wp:featuredmedia":[{"embeddable":true,"href":"https:\/\/imars.ro\/index.php?rest_route=\/wp\/v2\/media\/95"}],"wp:attachment":[{"href":"https:\/\/imars.ro\/index.php?rest_route=%2Fwp%2Fv2%2Fmedia&parent=98"}],"wp:term":[{"taxonomy":"category","embeddable":true,"href":"https:\/\/imars.ro\/index.php?rest_route=%2Fwp%2Fv2%2Fcategories&post=98"},{"taxonomy":"post_tag","embeddable":true,"href":"https:\/\/imars.ro\/index.php?rest_route=%2Fwp%2Fv2%2Ftags&post=98"}],"curies":[{"name":"wp","href":"https:\/\/api.w.org\/{rel}","templated":true}]}}